{"id":69146,"date":"2019-12-02T15:14:10","date_gmt":"2019-12-02T20:14:10","guid":{"rendered":"https:\/\/linitiative.ca\/International\/pros-naidji-ouvre-son-compteur-but-avec-le-gil-vicente\/"},"modified":"2019-12-02T15:14:10","modified_gmt":"2019-12-02T20:14:10","slug":"pros-naidji-ouvre-son-compteur-but-avec-le-gil-vicente","status":"publish","type":"post","link":"https:\/\/linitiative.ca\/International\/pros-naidji-ouvre-son-compteur-but-avec-le-gil-vicente\/","title":{"rendered":"Pros : Naidji ouvre son compteur but avec le Gil Vicente"},"content":{"rendered":"<div readability=\"32\">\n<p>Auteur : <span>Riad O.<\/span> <span class=\"time\">lundi 02 d\u00e9cembre 2019 18:27<\/span><\/p>\n<\/div>\n<div id=\"post_core\" readability=\"46\">\n<p>L\u2019attaquant Alg\u00e9rien de Gil Vicente, Zakaria Naidji a ouvert, hier soir, son compteur but en Liga ZON Sagres lors de la rencontre remport\u00e9e face au Sporting Lisbonne (3-1). L\u2019ancien joueur du Paradou AC a sign\u00e9 un tr\u00e8s joli but dans le temps additionnel de ce match. En effet, Naidji, parti de son camp en contre-attaque, a r\u00e9alis\u00e9 une chevauch\u00e9e spectaculaire pour battre le portier adverse, Luis Maximiano \u00e0 bout portant. Incorpor\u00e9 \u00e0 la 74\u2032 de jeu \u00e0 la place de son co\u00e9quipier, Lima, Naidji a livr\u00e9 une bonne prestation lors du dernier quart d\u2019heure de ce match comptant pour la 12\u00e8me journ\u00e9e du championnat portugais. Au final, les co\u00e9quipiers de Zakaria Naidji ont remport\u00e9 un succ\u00e8s historique face au Sporting Lisbonne. Grace \u00e0 cette victoire, Gil Vicente monte \u00e0 la septi\u00e8me place du classement avec un total de seize unit\u00e9s.<\/p>\n<p><strong>Publi\u00e9 dans :<\/strong> <span>Naidji<\/span><\/p>\n<\/div>\n<p>Auteur:<br \/>\n<a href=\"http:\/\/www.lebuteur.com\/article\/detail?titre=naidji-ouvre-son-compteur-but-avec-le-gil-vicente&#038;id=93321&#038;utm_source=feedburner&#038;utm_medium=feed&#038;utm_campaign=Feed%3A+GalerieFArtciles+%28Les+derniers+articles++-+lebuteur.com%29\">Cliquez ici pour lire l&rsquo;article depuis sa source.<\/a><\/p>\n","protected":false},"excerpt":{"rendered":"<p>Auteur : Riad O. lundi 02 d\u00e9cembre 2019 18:27 L\u2019attaquant Alg\u00e9rien de Gil Vicente, Zakaria Naidji a ouvert, hier soir, son compteur but en Liga ZON Sagres lors de la rencontre remport\u00e9e face au Sporting Lisbonne (3-1). L\u2019ancien joueur du Paradou AC a sign\u00e9 un tr\u00e8s joli but dans le temps additionnel de ce match. [&hellip;]<\/p>\n","protected":false},"author":1738,"featured_media":69147,"comment_status":"closed","ping_status":"closed","sticky":false,"template":"","format":"standard","meta":{"fifu_image_url":"","fifu_image_alt":"","footnotes":""},"categories":[53,75],"tags":[],"class_list":["post-69146","post","type-post","status-publish","format-standard","has-post-thumbnail","hentry","category-algerie","category-sport"],"_links":{"self":[{"href":"https:\/\/linitiative.ca\/International\/wp-json\/wp\/v2\/posts\/69146","targetHints":{"allow":["GET"]}}],"collection":[{"href":"https:\/\/linitiative.ca\/International\/wp-json\/wp\/v2\/posts"}],"about":[{"href":"https:\/\/linitiative.ca\/International\/wp-json\/wp\/v2\/types\/post"}],"author":[{"embeddable":true,"href":"https:\/\/linitiative.ca\/International\/wp-json\/wp\/v2\/users\/1738"}],"replies":[{"embeddable":true,"href":"https:\/\/linitiative.ca\/International\/wp-json\/wp\/v2\/comments?post=69146"}],"version-history":[{"count":0,"href":"https:\/\/linitiative.ca\/International\/wp-json\/wp\/v2\/posts\/69146\/revisions"}],"wp:featuredmedia":[{"embeddable":true,"href":"https:\/\/linitiative.ca\/International\/wp-json\/"}],"wp:attachment":[{"href":"https:\/\/linitiative.ca\/International\/wp-json\/wp\/v2\/media?parent=69146"}],"wp:term":[{"taxonomy":"category","embeddable":true,"href":"https:\/\/linitiative.ca\/International\/wp-json\/wp\/v2\/categories?post=69146"},{"taxonomy":"post_tag","embeddable":true,"href":"https:\/\/linitiative.ca\/International\/wp-json\/wp\/v2\/tags?post=69146"}],"curies":[{"name":"wp","href":"https:\/\/api.w.org\/{rel}","templated":true}]}}