{"id":69148,"date":"2019-12-02T15:14:12","date_gmt":"2019-12-02T20:14:12","guid":{"rendered":"https:\/\/linitiative.ca\/International\/international-ogc-nice-mauvaise-nouvelle-pour-ounas\/"},"modified":"2019-12-02T15:14:12","modified_gmt":"2019-12-02T20:14:12","slug":"international-ogc-nice-mauvaise-nouvelle-pour-ounas","status":"publish","type":"post","link":"https:\/\/linitiative.ca\/International\/international-ogc-nice-mauvaise-nouvelle-pour-ounas\/","title":{"rendered":"International : OGC Nice: Mauvaise nouvelle pour Ounas"},"content":{"rendered":"<div readability=\"32\">\n<p>Auteur : <span>Riad O.<\/span> <span class=\"time\">lundi 02 d\u00e9cembre 2019 18:28<\/span><\/p>\n<\/div>\n<div id=\"post_core\" readability=\"45\">\n<p>Le moins que l\u2019on puisse dire est que le mauvais sort continue de s\u2019acharner sur Adam Ounas. Le tr\u00e8s technique joueur milieu de terrain de l\u2019EN vient de contracter une nouvelle blessure qui pourrait, de nouveau, l\u2019\u00e9loigner des terrains pendant deux semaines. Samedi dernier, et lors d\u2019un match comptant pour la quinzi\u00e8me journ\u00e9e de la Ligue 1 Conforama, l\u2019OGC Nice s\u2019est impos\u00e9 sur le score de trois buts \u00e0 un face \u00e0 Angers. Mais les Aiglons ont perdu leur ailier Adam Ounas. Ce dernier a \u00e9t\u00e9 contraint de c\u00e9der sa place \u00e0 son compatriote, Hichem Boudaoui peut apr\u00e8s l\u2019heure de jeu. Et selon Nice Matin, cette blessure pourrait \u00e9loigner Ounas des terrains pendant deux semaines\u00a0:\u00a0\u00abD\u00e8s l\u2019\u00e9chauffement du match de l&rsquo;OGC Nice contre Angers, Adam Ounas a ressenti une douleur derri\u00e8re la cuisse. L\u2019ailier alg\u00e9rien a serr\u00e9 les dents. Pas dans un grand soir, il a \u00e9t\u00e9 remplac\u00e9 \u00e0 la 64e minute par Boudaoui. Il a quitt\u00e9 l\u2019Allianz Riviera en boitant. Sa participation au match \u00e0 Saint-Etienne (mercredi, 19 heures) semble compromise. Il pourrait m\u00eame souffrir d\u2019une l\u00e9sion et \u00eatre absent pour deux semaines, au minimum.\u00bb peut-on lire sur le site en question.<\/p>\n<p><strong>Publi\u00e9 dans :<\/strong> <span>Ounas<\/span><\/p>\n<\/div>\n<p>Auteur:<br \/>\n<a href=\"http:\/\/www.lebuteur.com\/article\/detail?titre=ogc-nice-mauvaise-nouvelle-pour-ounas&#038;id=93322&#038;utm_source=feedburner&#038;utm_medium=feed&#038;utm_campaign=Feed%3A+GalerieFArtciles+%28Les+derniers+articles++-+lebuteur.com%29\">Cliquez ici pour lire l&rsquo;article depuis sa source.<\/a><\/p>\n","protected":false},"excerpt":{"rendered":"<p>Auteur : Riad O. lundi 02 d\u00e9cembre 2019 18:28 Le moins que l\u2019on puisse dire est que le mauvais sort continue de s\u2019acharner sur Adam Ounas. Le tr\u00e8s technique joueur milieu de terrain de l\u2019EN vient de contracter une nouvelle blessure qui pourrait, de nouveau, l\u2019\u00e9loigner des terrains pendant deux semaines. Samedi dernier, et lors [&hellip;]<\/p>\n","protected":false},"author":1738,"featured_media":69149,"comment_status":"closed","ping_status":"closed","sticky":false,"template":"","format":"standard","meta":{"fifu_image_url":"","fifu_image_alt":"","footnotes":""},"categories":[53,75],"tags":[],"class_list":["post-69148","post","type-post","status-publish","format-standard","has-post-thumbnail","hentry","category-algerie","category-sport"],"_links":{"self":[{"href":"https:\/\/linitiative.ca\/International\/wp-json\/wp\/v2\/posts\/69148","targetHints":{"allow":["GET"]}}],"collection":[{"href":"https:\/\/linitiative.ca\/International\/wp-json\/wp\/v2\/posts"}],"about":[{"href":"https:\/\/linitiative.ca\/International\/wp-json\/wp\/v2\/types\/post"}],"author":[{"embeddable":true,"href":"https:\/\/linitiative.ca\/International\/wp-json\/wp\/v2\/users\/1738"}],"replies":[{"embeddable":true,"href":"https:\/\/linitiative.ca\/International\/wp-json\/wp\/v2\/comments?post=69148"}],"version-history":[{"count":0,"href":"https:\/\/linitiative.ca\/International\/wp-json\/wp\/v2\/posts\/69148\/revisions"}],"wp:featuredmedia":[{"embeddable":true,"href":"https:\/\/linitiative.ca\/International\/wp-json\/"}],"wp:attachment":[{"href":"https:\/\/linitiative.ca\/International\/wp-json\/wp\/v2\/media?parent=69148"}],"wp:term":[{"taxonomy":"category","embeddable":true,"href":"https:\/\/linitiative.ca\/International\/wp-json\/wp\/v2\/categories?post=69148"},{"taxonomy":"post_tag","embeddable":true,"href":"https:\/\/linitiative.ca\/International\/wp-json\/wp\/v2\/tags?post=69148"}],"curies":[{"name":"wp","href":"https:\/\/api.w.org\/{rel}","templated":true}]}}