{"id":69152,"date":"2019-12-02T10:00:00","date_gmt":"2019-12-02T15:00:00","guid":{"rendered":"https:\/\/linitiative.ca\/International\/presidentielles-du-12-decembre-les-militaires-voteront-par-voie-directe\/"},"modified":"2019-12-02T10:00:00","modified_gmt":"2019-12-02T15:00:00","slug":"presidentielles-du-12-decembre-les-militaires-voteront-par-voie-directe","status":"publish","type":"post","link":"https:\/\/linitiative.ca\/International\/presidentielles-du-12-decembre-les-militaires-voteront-par-voie-directe\/","title":{"rendered":"Pr\u00e9sidentielles du 12 D\u00e9cembre : Les militaires voteront par voie directe"},"content":{"rendered":"<p class=\"MsoNormal\">Les personnels militaires exerceront, en tenue civile, leur droit et devoir \u00e9lectoral, par voie directe, \u00e0 l&rsquo;instar de leurs concitoyens au niveau des bureaux de votes dans lesquels ils sont inscrits, \u00e0 travers tout le territoire national, a indiqu\u00e9 Lundi le MDN, dans un communiqu\u00e9. Toutefois, les personnels ne pouvant voter par voie directe, en raison des missions qui leurs sont assign\u00e9es, ils s&rsquo;acquitteront de leur devoir \u00e9lectoral par procuration conform\u00e9ment \u00e0 la loi organique des \u00e9lections en vigueur, a ajout\u00e9 la m\u00eame source.<\/p>\n<p class=\"MsoNormal\">Ces mesures s\u2019inscrivent \u00ab\u00a0dans le cadre de l&rsquo;int\u00e9r\u00eat que porte le Haut Commandement de l&rsquo;Arm\u00e9e Nationale Populaire \u00e0 la r\u00e9ussite des \u00e9lections pr\u00e9sidentielles pr\u00e9vues pour le 12 d\u00e9cembre 2019, dans le respect total de la Constitution et des lois de la R\u00e9publique\u00a0\u00bb, a pr\u00e9cis\u00e9 le MDN.<\/p>\n<p class=\"MsoNormal\"><span class=\"c6\">\u00a0<\/span>Quant aux personnels militaires se trouvant au niveau des unit\u00e9s de campagne,\u00a0\u00ab\u00a0 ils exerceront leur droit \u00e9lectoral dans les bureaux de vote proches de leur lieu de travail, ou au niveau des bureaux de vote itin\u00e9rants d\u00e9di\u00e9s \u00e0 cet effet au niveau des wilayas concern\u00e9es par cette mesure\u00a0\u00bb.<\/p>\n<p class=\"MsoNormal\">Par ailleurs, le Haut Commandement de l&rsquo;ANP souligne que les militaires sont libres de choisir le candidat qui r\u00e9pond \u00e0 leurs propres convictions lors de ces \u00e9lections impr\u00e9gn\u00e9es des valeurs de d\u00e9mocratie, de transparence et d&rsquo;int\u00e9grit\u00e9, refl\u00e9tant la volont\u00e9 du peuple et son libre choix.<\/p>\n<p class=\"MsoNormal\">Le Minist\u00e8re de la D\u00e9fense Nationale affirme encore une fois prendre toutes les mesures s\u00e9curitaires \u00e0 m\u00eame de permettre au peuple alg\u00e9rien d&rsquo;accomplir ce devoir national dans un climat de qui\u00e9tude et de s\u00e9r\u00e9nit\u00e9, a conclu le communiqu\u00e9.<\/p>\n<p class=\"MsoNormal\"><strong>Neila B.<\/strong><\/p>\n<p>Auteur: elmoudjahid<br \/>\n<a href=\"http:\/\/www.elmoudjahid.com\/fr\/actualites\/145225\">Cliquez ici pour lire l&rsquo;article depuis sa source.<\/a><\/p>\n","protected":false},"excerpt":{"rendered":"<p>Les personnels militaires exerceront, en tenue civile, leur droit et devoir \u00e9lectoral, par voie directe, \u00e0 l&rsquo;instar de leurs concitoyens au niveau des bureaux de votes dans lesquels ils sont inscrits, \u00e0 travers tout le territoire national, a indiqu\u00e9 Lundi le MDN, dans un communiqu\u00e9. Toutefois, les personnels ne pouvant voter par voie directe, en [&hellip;]<\/p>\n","protected":false},"author":1744,"featured_media":0,"comment_status":"closed","ping_status":"closed","sticky":false,"template":"","format":"standard","meta":{"fifu_image_url":"","fifu_image_alt":"","footnotes":""},"categories":[73,53],"tags":[],"class_list":["post-69152","post","type-post","status-publish","format-standard","hentry","category-actualite","category-algerie"],"_links":{"self":[{"href":"https:\/\/linitiative.ca\/International\/wp-json\/wp\/v2\/posts\/69152","targetHints":{"allow":["GET"]}}],"collection":[{"href":"https:\/\/linitiative.ca\/International\/wp-json\/wp\/v2\/posts"}],"about":[{"href":"https:\/\/linitiative.ca\/International\/wp-json\/wp\/v2\/types\/post"}],"author":[{"embeddable":true,"href":"https:\/\/linitiative.ca\/International\/wp-json\/wp\/v2\/users\/1744"}],"replies":[{"embeddable":true,"href":"https:\/\/linitiative.ca\/International\/wp-json\/wp\/v2\/comments?post=69152"}],"version-history":[{"count":0,"href":"https:\/\/linitiative.ca\/International\/wp-json\/wp\/v2\/posts\/69152\/revisions"}],"wp:attachment":[{"href":"https:\/\/linitiative.ca\/International\/wp-json\/wp\/v2\/media?parent=69152"}],"wp:term":[{"taxonomy":"category","embeddable":true,"href":"https:\/\/linitiative.ca\/International\/wp-json\/wp\/v2\/categories?post=69152"},{"taxonomy":"post_tag","embeddable":true,"href":"https:\/\/linitiative.ca\/International\/wp-json\/wp\/v2\/tags?post=69152"}],"curies":[{"name":"wp","href":"https:\/\/api.w.org\/{rel}","templated":true}]}}