{"id":69158,"date":"2019-12-02T11:41:00","date_gmt":"2019-12-02T16:41:00","guid":{"rendered":"https:\/\/linitiative.ca\/International\/mascara-arrestation-de-2-adolescents-pour-tentative-de-vol-de-deux-locaux-commerciaux\/"},"modified":"2019-12-02T11:41:00","modified_gmt":"2019-12-02T16:41:00","slug":"mascara-arrestation-de-2-adolescents-pour-tentative-de-vol-de-deux-locaux-commerciaux","status":"publish","type":"post","link":"https:\/\/linitiative.ca\/International\/mascara-arrestation-de-2-adolescents-pour-tentative-de-vol-de-deux-locaux-commerciaux\/","title":{"rendered":"MASCARA   : Arrestation de 2 adolescents pour tentative de vol de deux locaux commerciaux"},"content":{"rendered":"<p><br id=\"sep_para_1\" class=\"sep_para access\"\/><\/p>\n<div id=\"para_1\" class=\"para_34315176 resize\">\n<div class=\"texte access firstletter\">Les \u00e9l\u00e9ments de la brigade de police judiciaire relevant de la deuxi\u00e8me s\u00fbret\u00e9 urbaine de Mascara ont arr\u00eat\u00e9 deux adolescents \u00e2g\u00e9s de 16 et 17 ans, impliqu\u00e9s dans deux tentatives de vol de deux locaux commerciaux. Les faits remontent au mois de novembre \u00e9coul\u00e9, lorsqu\u2019un citoyen s\u2019est pr\u00e9sent\u00e9 aux services comp\u00e9tents pour d\u00e9clarer avoir vu deux enfants tentant de commettre un vol par effraction au niveau d\u2019une rue du centre-ville. Les \u00e9l\u00e9ments de la Brigade de Police Judiciaire ont ouvert une enqu\u00eate apr\u00e8s avoir pris contact avec le propri\u00e9taire du local. Ils ont r\u00e9ussi apr\u00e8s exploitation des descriptions du citoyen, \u00e0 arr\u00eater les deux suspects, lors de patrouilles de s\u00e9curit\u00e9 effectu\u00e9es\u00a0 au centre-ville, en flagrant d\u00e9lit de vol d\u2019un autre local commercial. Ils ont \u00e9t\u00e9 conduits au si\u00e8ge de la deuxi\u00e8me s\u00fbret\u00e9 urbaine o\u00f9 une proc\u00e9dure judiciaire \u00e9t\u00e9 instruite \u00e0 leur encontre, en vertu de laquelle ils ont \u00e9t\u00e9 pr\u00e9sent\u00e9s par devant la justice qui a ordonn\u00e9 leur placement au centre pour mineurs.\u00a0\u00a0\u00a0\u00a0<\/div>\n<\/div>\n<p>Auteur: B. Boufaden<br \/>\n<a href=\"https:\/\/www.reflexiondz.net\/MASCARA-Arrestation-de-2-adolescents-pour-tentative-de-vol-de-deux-locaux-commerciaux_a59152.html\">Cliquez ici pour lire l&rsquo;article depuis sa source.<\/a><\/p>\n","protected":false},"excerpt":{"rendered":"<p>Les \u00e9l\u00e9ments de la brigade de police judiciaire relevant de la deuxi\u00e8me s\u00fbret\u00e9 urbaine de Mascara ont arr\u00eat\u00e9 deux adolescents \u00e2g\u00e9s de 16 et 17 ans, impliqu\u00e9s dans deux tentatives de vol de deux locaux commerciaux. Les faits remontent au mois de novembre \u00e9coul\u00e9, lorsqu\u2019un citoyen s\u2019est pr\u00e9sent\u00e9 aux services comp\u00e9tents pour d\u00e9clarer avoir vu [&hellip;]<\/p>\n","protected":false},"author":1740,"featured_media":0,"comment_status":"closed","ping_status":"closed","sticky":false,"template":"","format":"standard","meta":{"fifu_image_url":"","fifu_image_alt":"","footnotes":""},"categories":[53,76],"tags":[],"class_list":["post-69158","post","type-post","status-publish","format-standard","hentry","category-algerie","category-regions"],"_links":{"self":[{"href":"https:\/\/linitiative.ca\/International\/wp-json\/wp\/v2\/posts\/69158","targetHints":{"allow":["GET"]}}],"collection":[{"href":"https:\/\/linitiative.ca\/International\/wp-json\/wp\/v2\/posts"}],"about":[{"href":"https:\/\/linitiative.ca\/International\/wp-json\/wp\/v2\/types\/post"}],"author":[{"embeddable":true,"href":"https:\/\/linitiative.ca\/International\/wp-json\/wp\/v2\/users\/1740"}],"replies":[{"embeddable":true,"href":"https:\/\/linitiative.ca\/International\/wp-json\/wp\/v2\/comments?post=69158"}],"version-history":[{"count":0,"href":"https:\/\/linitiative.ca\/International\/wp-json\/wp\/v2\/posts\/69158\/revisions"}],"wp:attachment":[{"href":"https:\/\/linitiative.ca\/International\/wp-json\/wp\/v2\/media?parent=69158"}],"wp:term":[{"taxonomy":"category","embeddable":true,"href":"https:\/\/linitiative.ca\/International\/wp-json\/wp\/v2\/categories?post=69158"},{"taxonomy":"post_tag","embeddable":true,"href":"https:\/\/linitiative.ca\/International\/wp-json\/wp\/v2\/tags?post=69158"}],"curies":[{"name":"wp","href":"https:\/\/api.w.org\/{rel}","templated":true}]}}