{"id":69159,"date":"2019-12-02T11:41:00","date_gmt":"2019-12-02T16:41:00","guid":{"rendered":"https:\/\/linitiative.ca\/International\/ain-temouchent-arrestation-dun-dealer-a-el-amria\/"},"modified":"2019-12-02T11:41:00","modified_gmt":"2019-12-02T16:41:00","slug":"ain-temouchent-arrestation-dun-dealer-a-el-amria","status":"publish","type":"post","link":"https:\/\/linitiative.ca\/International\/ain-temouchent-arrestation-dun-dealer-a-el-amria\/","title":{"rendered":"AIN TEMOUCHENT : Arrestation d\u2019un dealer \u00e0 el-Amria"},"content":{"rendered":"<p><br id=\"sep_para_1\" class=\"sep_para access\"\/><\/p>\n<div id=\"para_1\" class=\"para_34315168 resize\">\n<div class=\"texte access firstletter\">Dans le cadre de la lutte contre la criminalit\u00e9 en milieu urbain, les \u00e9l\u00e9ments de la police judicaire relevant de la s\u00fbret\u00e9 de da\u00efra d\u2019el-Amria, ont proc\u00e9d\u00e9 \u00e0 l\u2019arrestation d\u2019un dealer\u00a0 commercialisant les psychotropes en milieu des jeunes. L\u2019arrestation est intervenue suite \u00e0 une patrouille effectu\u00e9e dans les rues et ruelles et points noirs de la ville, quand le suspect a attir\u00e9 l\u2019attention des policiers sur lui jetant\u00a0 \u00e0 leur vue, un objet et prit la fuite. Les policiers trouv\u00e8rent \u00e0\u00a0 l\u2019int\u00e9rieur de l\u2019objet jet\u00e9 55 comprim\u00e9s\u00a0 de psychotropes de diff\u00e9rentes marques. Apr\u00e8s enqu\u00eate et surveillance de ses mouvements, le mis en cause a \u00e9t\u00e9 identifi\u00e9 et arr\u00eat\u00e9. Ce dernier, B.R. 39 ans a \u00e9t\u00e9 pr\u00e9sent\u00e9 par devant le procureur pr\u00e8s le tribunal d\u2019el-Amria et mis en d\u00e9tention pr\u00e9ventive, conclut le communiqu\u00e9 de la s\u00fbret\u00e9 de wilaya.\u00a0\u00a0\u00a0\u00a0\u00a0\u00a0\u00a0\u00a0\u00a0<\/div>\n<\/div>\n<p>Auteur: H. Bouna<br \/>\n<a href=\"https:\/\/www.reflexiondz.net\/AIN-TEMOUCHENT-Arrestation-d-un-dealer-a-el-Amria_a59151.html\">Cliquez ici pour lire l&rsquo;article depuis sa source.<\/a><\/p>\n","protected":false},"excerpt":{"rendered":"<p>Dans le cadre de la lutte contre la criminalit\u00e9 en milieu urbain, les \u00e9l\u00e9ments de la police judicaire relevant de la s\u00fbret\u00e9 de da\u00efra d\u2019el-Amria, ont proc\u00e9d\u00e9 \u00e0 l\u2019arrestation d\u2019un dealer\u00a0 commercialisant les psychotropes en milieu des jeunes. L\u2019arrestation est intervenue suite \u00e0 une patrouille effectu\u00e9e dans les rues et ruelles et points noirs de [&hellip;]<\/p>\n","protected":false},"author":1740,"featured_media":0,"comment_status":"closed","ping_status":"closed","sticky":false,"template":"","format":"standard","meta":{"fifu_image_url":"","fifu_image_alt":"","footnotes":""},"categories":[53,76],"tags":[],"class_list":["post-69159","post","type-post","status-publish","format-standard","hentry","category-algerie","category-regions"],"_links":{"self":[{"href":"https:\/\/linitiative.ca\/International\/wp-json\/wp\/v2\/posts\/69159","targetHints":{"allow":["GET"]}}],"collection":[{"href":"https:\/\/linitiative.ca\/International\/wp-json\/wp\/v2\/posts"}],"about":[{"href":"https:\/\/linitiative.ca\/International\/wp-json\/wp\/v2\/types\/post"}],"author":[{"embeddable":true,"href":"https:\/\/linitiative.ca\/International\/wp-json\/wp\/v2\/users\/1740"}],"replies":[{"embeddable":true,"href":"https:\/\/linitiative.ca\/International\/wp-json\/wp\/v2\/comments?post=69159"}],"version-history":[{"count":0,"href":"https:\/\/linitiative.ca\/International\/wp-json\/wp\/v2\/posts\/69159\/revisions"}],"wp:attachment":[{"href":"https:\/\/linitiative.ca\/International\/wp-json\/wp\/v2\/media?parent=69159"}],"wp:term":[{"taxonomy":"category","embeddable":true,"href":"https:\/\/linitiative.ca\/International\/wp-json\/wp\/v2\/categories?post=69159"},{"taxonomy":"post_tag","embeddable":true,"href":"https:\/\/linitiative.ca\/International\/wp-json\/wp\/v2\/tags?post=69159"}],"curies":[{"name":"wp","href":"https:\/\/api.w.org\/{rel}","templated":true}]}}