{"id":69160,"date":"2019-12-02T11:41:00","date_gmt":"2019-12-02T16:41:00","guid":{"rendered":"https:\/\/linitiative.ca\/International\/sidi-bel-abbes-les-travailleurs-de-lergr-sans-salaires-depuis-5-mois\/"},"modified":"2019-12-02T11:41:00","modified_gmt":"2019-12-02T16:41:00","slug":"sidi-bel-abbes-les-travailleurs-de-lergr-sans-salaires-depuis-5-mois","status":"publish","type":"post","link":"https:\/\/linitiative.ca\/International\/sidi-bel-abbes-les-travailleurs-de-lergr-sans-salaires-depuis-5-mois\/","title":{"rendered":"SIDI BEL ABBES : Les travailleurs de l&rsquo;ERGR  sans salaires depuis 5 mois"},"content":{"rendered":"<p><br id=\"sep_para_1\" class=\"sep_para access\"\/><\/p>\n<div id=\"para_1\" class=\"para_34315159 resize\">\n<div class=\"texte access firstletter\">Pr\u00e8s de 250 travailleurs, toutes cat\u00e9gories confondues, de l&rsquo;entreprise r\u00e9gionale de g\u00e9nie rural (E.R.G.R) de Sidi Bel Abb\u00e8s, se disent dans l&rsquo;expectative aujourd\u2019hui, en raison de quatre mois de salaire non encore per\u00e7us jusqu&rsquo;\u00e0 nos jours. \u00a0\u00bbCela ferait bient\u00f4t 5 mois que les salaires tardent \u00e0 \u00eatre vers\u00e9s aux 175\u00a0 ouvriers\u00a0 des\u00a0 quatre\u00a0 p\u00e9pini\u00e8res implant\u00e9es \u00e0 Sfisef et autant d&rsquo;autres de T\u00e9lagh, lancent un\u00a0 des chefs d&rsquo;\u00e9quipes au t\u00e9l\u00e9phone\u00a0\u00bb. A cela, rench\u00e9rissent des plaignants du sud, s\u2019ajoutent les 25 travailleurs de T\u00e9lagh, des services d&rsquo;administration et du parc et les 35 autres travaillant \u00e0 la direction du chef-lieu de wilaya\u00a0\u00bb, tout en rappelant que malgr\u00e9 toutes les promesses donn\u00e9es par le directeur et ses collaborateurs, leur situation financi\u00e8re n&rsquo;a pas avanc\u00e9 d&rsquo;un iota, mais\u00a0 reste bloqu\u00e9e \u00e0\u00a0 leur d\u00e9faveur.\u00a0 Un arr\u00eat de travail illimit\u00e9 n&rsquo;est donc pas \u00e9cart\u00e9, selon une source digne de foi, qui explique que le\u00a0 nouveau DG de Sidi Bel Abb\u00e8s par int\u00e9rim, serait d&rsquo;ailleurs point\u00e9 du doigt pour diverses raisons.\u00a0\u00a0\u00a0\u00a0\u00a0\u00a0\u00a0\u00a0\u00a0\u00a0\u00a0\u00a0\u00a0<\/div>\n<\/div>\n<p>Auteur: N.Moussa<br \/>\n<a href=\"https:\/\/www.reflexiondz.net\/SIDI-BEL-ABBES-Les-travailleurs-de-l-ERGR-sans-salaires-depuis-5-mois_a59150.html\">Cliquez ici pour lire l&rsquo;article depuis sa source.<\/a><\/p>\n","protected":false},"excerpt":{"rendered":"<p>Pr\u00e8s de 250 travailleurs, toutes cat\u00e9gories confondues, de l&rsquo;entreprise r\u00e9gionale de g\u00e9nie rural (E.R.G.R) de Sidi Bel Abb\u00e8s, se disent dans l&rsquo;expectative aujourd\u2019hui, en raison de quatre mois de salaire non encore per\u00e7us jusqu&rsquo;\u00e0 nos jours. \u00a0\u00bbCela ferait bient\u00f4t 5 mois que les salaires tardent \u00e0 \u00eatre vers\u00e9s aux 175\u00a0 ouvriers\u00a0 des\u00a0 quatre\u00a0 p\u00e9pini\u00e8res implant\u00e9es [&hellip;]<\/p>\n","protected":false},"author":1740,"featured_media":0,"comment_status":"closed","ping_status":"closed","sticky":false,"template":"","format":"standard","meta":{"fifu_image_url":"","fifu_image_alt":"","footnotes":""},"categories":[53,76],"tags":[],"class_list":["post-69160","post","type-post","status-publish","format-standard","hentry","category-algerie","category-regions"],"_links":{"self":[{"href":"https:\/\/linitiative.ca\/International\/wp-json\/wp\/v2\/posts\/69160","targetHints":{"allow":["GET"]}}],"collection":[{"href":"https:\/\/linitiative.ca\/International\/wp-json\/wp\/v2\/posts"}],"about":[{"href":"https:\/\/linitiative.ca\/International\/wp-json\/wp\/v2\/types\/post"}],"author":[{"embeddable":true,"href":"https:\/\/linitiative.ca\/International\/wp-json\/wp\/v2\/users\/1740"}],"replies":[{"embeddable":true,"href":"https:\/\/linitiative.ca\/International\/wp-json\/wp\/v2\/comments?post=69160"}],"version-history":[{"count":0,"href":"https:\/\/linitiative.ca\/International\/wp-json\/wp\/v2\/posts\/69160\/revisions"}],"wp:attachment":[{"href":"https:\/\/linitiative.ca\/International\/wp-json\/wp\/v2\/media?parent=69160"}],"wp:term":[{"taxonomy":"category","embeddable":true,"href":"https:\/\/linitiative.ca\/International\/wp-json\/wp\/v2\/categories?post=69160"},{"taxonomy":"post_tag","embeddable":true,"href":"https:\/\/linitiative.ca\/International\/wp-json\/wp\/v2\/tags?post=69160"}],"curies":[{"name":"wp","href":"https:\/\/api.w.org\/{rel}","templated":true}]}}