{"id":69169,"date":"2019-12-02T12:14:00","date_gmt":"2019-12-02T17:14:00","guid":{"rendered":"https:\/\/linitiative.ca\/International\/les-journees-de-lentreprise-pour-une-mise-a-nu-des-crises\/"},"modified":"2019-12-02T12:14:00","modified_gmt":"2019-12-02T17:14:00","slug":"les-journees-de-lentreprise-pour-une-mise-a-nu-des-crises","status":"publish","type":"post","link":"https:\/\/linitiative.ca\/International\/les-journees-de-lentreprise-pour-une-mise-a-nu-des-crises\/","title":{"rendered":"Les Journ\u00e9es de l\u2019Entreprise : Pour une mise \u00e0 nu des crises"},"content":{"rendered":"<p>Sur le th\u00e8me central de \u00abL\u2019Entreprise et le Nouveau R\u00f4le de l\u2019Etat\u00bb, l\u2019\u00e9dition de cette ann\u00e9e des Journ\u00e9es de l\u2019Entreprise, organis\u00e9e par l\u2019IACE, s\u2019inscrit dans le d\u00e9bat national sur l\u2019entreprise en tant qu\u2019acteur essentiel \u00e0 la r\u00e9flexion, l\u2019analyse et l\u2019\u00e9laboration d\u2019initiatives et de solutions.<\/p>\n<p>Compte tenu des d\u00e9fis \u00e0 relever pour la Tunisie, la 34<sup>\u00e8me<\/sup> \u00e9dition des Journ\u00e9es qui se tiendra les 6 et 7 d\u00e9cembre \u00e0 Sousse abordera la question du r\u00f4le de l\u2019Etat de fa\u00e7on m\u00e9thodique. Le Pr\u00e9sident de la R\u00e9publique KaisSaied, M. Taieb Bayahile Pr\u00e9sident de l\u2019IACE, Mme. AmeenahGurib-Fakim ancienne pr\u00e9sidente de la r\u00e9publique de Maurice, M. Abdullah G\u00fcl\u00a0 ancien pr\u00e9sident de la Turquie, M. Alexis Tsipras ancien premier ministre de la Gr\u00e8ce, interviendront autour du panel d\u2019ouverture, traitant de la \u00ab Crise Politique : Pour un Etat Efficace \u00bb.<\/p>\n<p>Un Etat efficace saura assurer la stabilit\u00e9 et l\u2019efficacit\u00e9 des institutions publiques et la mise en place des r\u00e9formes annonc\u00e9es. Le choix de cette th\u00e9matique s\u2019explique par les attentes grandissantes envers un Etat en proie \u00e0 une crise politique persistante dans le pays. La discussion s&#8217;emploiera \u00e0 explorer des alternatives possibles. Les panels suivants s\u2019articulent autour de l\u2019\u00e9conomie, du social, du digital et m\u00eame des valeurs et leur relation avec l\u2019Etat, d\u00e9fini historiquement comme \u00e9tant\u00a0 l&rsquo;institution supr\u00eame.<\/p>\n<p>La 2<sup>\u00e8me<\/sup> th\u00e9matique intitul\u00e9e \u00ab Crise Economique et le R\u00f4le De L\u2019Etat \u00bb abordera les objectifs \u00e0 r\u00e9aliser dans le cadre de cette crise \u00e9conomique. L\u2019Etat tel qu\u2019on le connait aujourd\u2019hui intervient dans la sph\u00e8re \u00e9conomique \u00e0 diff\u00e9rents degr\u00e9s. Etant donn\u00e9 les leviers d\u2019actions dont il dispose, il est important de s\u2019int\u00e9resser aux axes strat\u00e9giques qu\u2019il aura \u00e0 d\u00e9velopper afin de se placer en Etat strat\u00e8ge et r\u00e9actif.<\/p>\n<p>Le d\u00e9bat passera ensuite au dernier panel de la 1\u00e8re journ\u00e9e, ou, la \u00ab Crise Sociale : Quel Mod\u00e8le D\u2019inclusion \u00e0 Adopter? \u00bb. En effet, les in\u00e9galit\u00e9s sociales montent en fl\u00e8che un peu partout dans le monde, en plus des tendances \u00e0 l\u2019exclusion. Une veille de l\u2019Etat est primordiale. Ainsi, la pertinence des politiques sociales sera examin\u00e9e dans le but de recadrer le r\u00f4le de celui-ci en vue de r\u00e9duire les disparit\u00e9s et l\u2019exclusion.<\/p>\n<p>La derni\u00e8re journ\u00e9e de cette 34\u00e8me \u00e9dition de l\u2019\u00e9v\u00e8nement ne m\u00e9nagera pas les discussions. On entamera par le digital, un sujet \u00e0 l\u2019\u00e9picentre de notre monde moderne. Les \u00e9volutions technologiques donnent aujourd&rsquo;hui le tempo \u00e0 l\u2019\u00e9volution de la soci\u00e9t\u00e9 et de l\u2019\u00e9conomie. Le panel traitera de la \u00ab Crise Technologique et la Transformation Digitale de L\u2019Etat \u00bb. Effectivement, la transformation num\u00e9rique s\u2019impose de facto \u00e0 l\u2019Etat. Celui-ci devra se doter de strat\u00e9gies concordantes afin de vaincre les r\u00e9sistances et assurer la transition.<\/p>\n<p>Quant \u00e0 la 4\u00e8me et derni\u00e8re th\u00e9matique, elle se penchera sur la \u00ab Crise Des Valeurs: Vers un Etat R\u00e9gulateur \u00bb. Par association, la r\u00e9gression des valeurs morales et civiques est partie prenante dans les autres crises relev\u00e9es et analys\u00e9es dans les panels pr\u00e9c\u00e9dents. De la sorte, l\u2019analyse des mesures \u00e0 prendre propos\u00e9e par l\u2019IACE est essentielle pour le bon d\u00e9roulement des diff\u00e9rents objectifs de l\u2019Etat.<\/p>\n<p>Les journ\u00e9es de l\u2019Entreprise de l\u2019ann\u00e9e 2019 offrent une analyse de la situation nationale, tout en \u00e9tudiant les questions vitales au cas par cas. Cette approche repose sur l\u2019intervention d\u2019\u00e9minentes personnalit\u00e9s nationales et internationales, capables de faire part de leur expertise et de leur lecture. Cet \u00e9change s\u2019av\u00e8re \u00eatre un levier fondamental \u00e0 l\u2019\u00e9laboration de solutions capables d\u2019offrir une meilleur gestion des crises r\u00e9elles qu\u2019on vit actuellement.\u00a0\u00a0<br \/>\u00a0<\/p>\n<p>Auteur:<br \/>\n<a href=\"https:\/\/www.leaders.com.tn\/article\/28537-les-journees-de-l-entreprise-pour-une-mise-a-nue-des-crises\">Cliquez ici pour lire l&rsquo;article depuis sa source.<\/a><\/p>\n","protected":false},"excerpt":{"rendered":"<p>Sur le th\u00e8me central de \u00abL\u2019Entreprise et le Nouveau R\u00f4le de l\u2019Etat\u00bb, l\u2019\u00e9dition de cette ann\u00e9e des Journ\u00e9es de l\u2019Entreprise, organis\u00e9e par l\u2019IACE, s\u2019inscrit dans le d\u00e9bat national sur l\u2019entreprise en tant qu\u2019acteur essentiel \u00e0 la r\u00e9flexion, l\u2019analyse et l\u2019\u00e9laboration d\u2019initiatives et de solutions. Compte tenu des d\u00e9fis \u00e0 relever pour la Tunisie, la 34\u00e8me [&hellip;]<\/p>\n","protected":false},"author":1772,"featured_media":0,"comment_status":"closed","ping_status":"closed","sticky":false,"template":"","format":"standard","meta":{"fifu_image_url":"","fifu_image_alt":"","footnotes":""},"categories":[73,55],"tags":[],"class_list":["post-69169","post","type-post","status-publish","format-standard","hentry","category-actualite","category-tunisie"],"_links":{"self":[{"href":"https:\/\/linitiative.ca\/International\/wp-json\/wp\/v2\/posts\/69169","targetHints":{"allow":["GET"]}}],"collection":[{"href":"https:\/\/linitiative.ca\/International\/wp-json\/wp\/v2\/posts"}],"about":[{"href":"https:\/\/linitiative.ca\/International\/wp-json\/wp\/v2\/types\/post"}],"author":[{"embeddable":true,"href":"https:\/\/linitiative.ca\/International\/wp-json\/wp\/v2\/users\/1772"}],"replies":[{"embeddable":true,"href":"https:\/\/linitiative.ca\/International\/wp-json\/wp\/v2\/comments?post=69169"}],"version-history":[{"count":0,"href":"https:\/\/linitiative.ca\/International\/wp-json\/wp\/v2\/posts\/69169\/revisions"}],"wp:attachment":[{"href":"https:\/\/linitiative.ca\/International\/wp-json\/wp\/v2\/media?parent=69169"}],"wp:term":[{"taxonomy":"category","embeddable":true,"href":"https:\/\/linitiative.ca\/International\/wp-json\/wp\/v2\/categories?post=69169"},{"taxonomy":"post_tag","embeddable":true,"href":"https:\/\/linitiative.ca\/International\/wp-json\/wp\/v2\/tags?post=69169"}],"curies":[{"name":"wp","href":"https:\/\/api.w.org\/{rel}","templated":true}]}}