{"id":69171,"date":"2019-12-02T15:48:00","date_gmt":"2019-12-02T20:48:00","guid":{"rendered":"https:\/\/linitiative.ca\/International\/sami-ben-jannet-succede-a-neji-jalloul-a-la-tete-de-lites\/"},"modified":"2019-12-02T15:48:00","modified_gmt":"2019-12-02T20:48:00","slug":"sami-ben-jannet-succede-a-neji-jalloul-a-la-tete-de-lites","status":"publish","type":"post","link":"https:\/\/linitiative.ca\/International\/sami-ben-jannet-succede-a-neji-jalloul-a-la-tete-de-lites\/","title":{"rendered":"Sami Ben Jannet succ\u00e8de \u00e0 N\u00e9ji Jalloul \u00e0 la t\u00eate de l\u2019ITES"},"content":{"rendered":"<p>Passation effectu\u00e9e lundi apr\u00e8s-midi\u00a0! Sami Ben Jannet a \u00e9t\u00e9 nomm\u00e9 directeur g\u00e9n\u00e9ral de l\u2019institut tunisien des Etudes strat\u00e9giques (ITES), relevant de la pr\u00e9sidence de la R\u00e9publique. Il succ\u00e8de dans ses nouvelles fonctions \u00e0 N\u00e9ji Jalloul qui avait remis sa d\u00e9mission il y a quelques semaines. Jalloul avait \u00e9t\u00e9 d\u00e9sign\u00e9 \u00e0 ce poste le 12 septembre 2017, apr\u00e8s avoir \u00e9t\u00e9 ministre de l\u2019Education (2015 \u2013 2017).<\/p>\n<p>Haut fonctionnaire du minist\u00e8re des Finances, Sami Ben Jannet \u00e9tait jusque-l\u00e0 directeur g\u00e9n\u00e9ral de la R\u00e9gie nationale des tabacs et allumettes (RNTA) sous la tutelle du minist\u00e8re des Finances.<\/p>\n<p>Pr\u00e9sidant la c\u00e9r\u00e9monie de passation, Tarek Bettaieb, charg\u00e9 de la direction du cabinet pr\u00e9sidentiel, a rendu hommage \u00e0 l\u2019<a href=\"http:\/\/www.ites.tn\/\" target=\"_blank\" rel=\"noopener noreferrer\">ITES<\/a> et \u00e0 son directeur g\u00e9n\u00e9ral sortant, N\u00e9ji Jalloul, mettant en exergue la qualit\u00e9 des \u00e9tudes r\u00e9alis\u00e9es. Avant de quitter ses fonctions, Jalloul avait \u00e9t\u00e9 re\u00e7u en audience par le pr\u00e9sident Kais Saied.<\/p>\n<p>Depuis sa cr\u00e9ation en 1993, l\u2019ITES a vu se succ\u00e9der \u00e0 sa t\u00eate nombre d\u2019universitaires dont notamment Sadok Chaabane, Zouheir Medhaffar, Hatem Ben Salem et, sous la tro\u00efka, Tarek Kahlaoui. Le titulaire de la charge a rang et avantages de ministre.<\/p>\n<p>R\u00e9gi par la loi n\u00b0103-93 du 25 octobre 1993, l\u2019ITES est un \u00e9tablissement d\u2019utilit\u00e9 publique \u00e0 caract\u00e8re non administratif. Ses modalit\u00e9s de fonctionnement, son organisation administrative et financi\u00e8re ainsi que la composition et les attributions de son conseil consultatif sont pr\u00e9vues par le d\u00e9cret n)598-95 du 3 avril 1995.<\/p>\n<p>Soumis \u00e0 la tutelle de la Pr\u00e9sidence de la R\u00e9publique, l\u2019ITES a pour principale vocation de contribuer \u00e0 \u00e9clairer la prise de d\u00e9cision strat\u00e9gique aupr\u00e8s des d\u00e9cideurs et r\u00e9pondre aux besoins nationaux dans un monde en profonde mutation.<br \/>Sa mission est de mener des \u00e9tudes et des analyses strat\u00e9giques sur les questions dont il est saisi par la Pr\u00e9sidence de la R\u00e9publique et d\u2019assurer une fonction de veille tant au niveau national qu\u2019international sur des domaines jug\u00e9s strat\u00e9giques pour le pays.<br \/>\u00a0<\/p>\n<p>Auteur:<br \/>\n<a href=\"https:\/\/www.leaders.com.tn\/article\/28540-sami-ben-jannet-succede-a-neji-jalloul-a-la-tete-de-l-ites\">Cliquez ici pour lire l&rsquo;article depuis sa source.<\/a><\/p>\n","protected":false},"excerpt":{"rendered":"<p>Passation effectu\u00e9e lundi apr\u00e8s-midi\u00a0! Sami Ben Jannet a \u00e9t\u00e9 nomm\u00e9 directeur g\u00e9n\u00e9ral de l\u2019institut tunisien des Etudes strat\u00e9giques (ITES), relevant de la pr\u00e9sidence de la R\u00e9publique. Il succ\u00e8de dans ses nouvelles fonctions \u00e0 N\u00e9ji Jalloul qui avait remis sa d\u00e9mission il y a quelques semaines. Jalloul avait \u00e9t\u00e9 d\u00e9sign\u00e9 \u00e0 ce poste le 12 septembre [&hellip;]<\/p>\n","protected":false},"author":1772,"featured_media":0,"comment_status":"closed","ping_status":"closed","sticky":false,"template":"","format":"standard","meta":{"fifu_image_url":"","fifu_image_alt":"","footnotes":""},"categories":[73,55],"tags":[],"class_list":["post-69171","post","type-post","status-publish","format-standard","hentry","category-actualite","category-tunisie"],"_links":{"self":[{"href":"https:\/\/linitiative.ca\/International\/wp-json\/wp\/v2\/posts\/69171","targetHints":{"allow":["GET"]}}],"collection":[{"href":"https:\/\/linitiative.ca\/International\/wp-json\/wp\/v2\/posts"}],"about":[{"href":"https:\/\/linitiative.ca\/International\/wp-json\/wp\/v2\/types\/post"}],"author":[{"embeddable":true,"href":"https:\/\/linitiative.ca\/International\/wp-json\/wp\/v2\/users\/1772"}],"replies":[{"embeddable":true,"href":"https:\/\/linitiative.ca\/International\/wp-json\/wp\/v2\/comments?post=69171"}],"version-history":[{"count":0,"href":"https:\/\/linitiative.ca\/International\/wp-json\/wp\/v2\/posts\/69171\/revisions"}],"wp:attachment":[{"href":"https:\/\/linitiative.ca\/International\/wp-json\/wp\/v2\/media?parent=69171"}],"wp:term":[{"taxonomy":"category","embeddable":true,"href":"https:\/\/linitiative.ca\/International\/wp-json\/wp\/v2\/categories?post=69171"},{"taxonomy":"post_tag","embeddable":true,"href":"https:\/\/linitiative.ca\/International\/wp-json\/wp\/v2\/tags?post=69171"}],"curies":[{"name":"wp","href":"https:\/\/api.w.org\/{rel}","templated":true}]}}