{"id":69173,"date":"2019-12-02T05:00:00","date_gmt":"2019-12-02T10:00:00","guid":{"rendered":"https:\/\/linitiative.ca\/International\/lutte-contre-le-sida-le-sujet-est-il-encore-tabou\/"},"modified":"2019-12-02T05:00:00","modified_gmt":"2019-12-02T10:00:00","slug":"lutte-contre-le-sida-le-sujet-est-il-encore-tabou","status":"publish","type":"post","link":"https:\/\/linitiative.ca\/International\/lutte-contre-le-sida-le-sujet-est-il-encore-tabou\/","title":{"rendered":"Lutte contre le sida, le sujet est-il encore tabou ?"},"content":{"rendered":"<p>Le mouvement associatif local fustige une situation \u00ab floue \u00bb, en mati\u00e8re de lutte contre le sida, soulignant que l\u2019\u00e9volution de la prise en charge et les d\u00e9couvertes de s\u00e9ropositivit\u00e9 restent un sujet tabou et constituent donc le plus grand probl\u00e8me auquel les autorit\u00e9s sanitaires sont confront\u00e9es.\u00a0<br \/>\u00ab Souffrances somatiques et psychologiques \u00bb \u00ab peur \u00bb \u2026, le constat est amer \u00e0 la veille de la Journ\u00e9e mondiale de mobilisation contre cette maladie.\u00a0<br \/>Les avis rendus par certains sp\u00e9cialistes et des repr\u00e9sentants d\u2019associations sont cinglants. Ces derniers appellent \u00e0 une \u00e9valuation plus transparente \u00ab pour \u00eatre plus efficace \u00bb.\u00a0<br \/>\u00ab Il est temps de vulgariser le processus pr\u00e9ventif de cette maladie, surtout que les outils de lutte contre cette \u00e9pid\u00e9mie sont disponibles, qu\u2019il s\u2019agisse du d\u00e9pistage ou des traitements dans leurs diff\u00e9rents usages \u00bb, nous d\u00e9clare un jeune m\u00e9decin, en pr\u00e9cisant qu\u2019une remobilisation forte et une intervention concert\u00e9e de grande ampleur s&rsquo;imposent \u00e0 tous les niveaux. \u00ab En d\u00e9pit des efforts engag\u00e9s par les pouvoirs publics, l\u2019absence des indicateurs ne nous permettra pas de faire une \u00e9valuation efficace de cette \u00e9pid\u00e9mie \u00bb, estime ce m\u00eame praticien qui exerce dans le secteur priv\u00e9.\u00a0<br \/>En d\u00e9cembre 2018, des sp\u00e9cialistes centraux du secteur de la sant\u00e9 ont point\u00e9 des chiffres \u00ab stables \u00bb, des d\u00e9couvertes de s\u00e9ropositivit\u00e9 \u00e0 l\u2019\u00e9chelle nationale.\u00a0<br \/>Le rapport communiqu\u00e9 fait \u00e9tat de plus de 12 000 cas enregistr\u00e9s depuis 1985, avec une moyenne de 700 \u00e0 800 cas par an, en pr\u00e9cisant que plus d\u2019un tiers ont \u00e9t\u00e9 d\u00e9pist\u00e9s \u00e0 un stade avanc\u00e9. \u00ab Mais le chiffre des s\u00e9ropositifs est global au niveau central \u00bb, pr\u00e9cise une praticienne sp\u00e9cialiste du service de pr\u00e9vention de la DSP.\u00a0<br \/>Il reste maintenant \u00e0 confirmer cette situation \u00ab stable \u00bb. Surtout que pour certains sp\u00e9cialistes, ces chiffres sont en de\u00e7\u00e0 de la r\u00e9alit\u00e9.\u00a0<br \/>Peu savent, en effet, que des milliers d&rsquo;individus s\u00e9ropositifs ont perdu la vie, et d\u2019autres souffrent des complications de cette maladie et des attitudes discriminatoires.\u00a0<br \/>Cette date a \u00e9t\u00e9 choisie pour rappeler que le sida fait des ravages. Mais, apparemment, ce dimanche 1er d\u00e9cembre, il n&rsquo;y aura pas \u00e0 Guelma d\u2019espaces consacr\u00e9s \u00e0 ce th\u00e8me, pas de stand, pas de communications\u2026 \u00ab Sauf des s\u00e9ances d\u2019\u00e9ducation pour la sant\u00e9 \u00e0 la radio locale, et au niveau des UDS de sant\u00e9 scolaire \u00bb, nous pr\u00e9cise une source proche du service de la pr\u00e9vention g\u00e9n\u00e9rale. Passe-t-on encore sous silence un pareil \u00e9v\u00e8nement ? Mais cela ne signifie nullement que des b\u00e9n\u00e9voles ne sont pas mobilis\u00e9s.\u00a0<br \/>Noureddine Guergour\u00a0<\/p>\n<p>Auteur:<br \/>\n<a href=\"https:\/\/www.lesoirdalgerie.com\/societe\/lutte-contre-le-sida-le-sujet-est-il-encore-tabou-34563\">Cliquez ici pour lire l&rsquo;article depuis sa source.<\/a><\/p>\n","protected":false},"excerpt":{"rendered":"<p>Le mouvement associatif local fustige une situation \u00ab floue \u00bb, en mati\u00e8re de lutte contre le sida, soulignant que l\u2019\u00e9volution de la prise en charge et les d\u00e9couvertes de s\u00e9ropositivit\u00e9 restent un sujet tabou et constituent donc le plus grand probl\u00e8me auquel les autorit\u00e9s sanitaires sont confront\u00e9es.\u00a0\u00ab Souffrances somatiques et psychologiques \u00bb \u00ab peur \u00bb [&hellip;]<\/p>\n","protected":false},"author":1741,"featured_media":0,"comment_status":"closed","ping_status":"closed","sticky":false,"template":"","format":"standard","meta":{"fifu_image_url":"","fifu_image_alt":"","footnotes":""},"categories":[73,53],"tags":[],"class_list":["post-69173","post","type-post","status-publish","format-standard","hentry","category-actualite","category-algerie"],"_links":{"self":[{"href":"https:\/\/linitiative.ca\/International\/wp-json\/wp\/v2\/posts\/69173","targetHints":{"allow":["GET"]}}],"collection":[{"href":"https:\/\/linitiative.ca\/International\/wp-json\/wp\/v2\/posts"}],"about":[{"href":"https:\/\/linitiative.ca\/International\/wp-json\/wp\/v2\/types\/post"}],"author":[{"embeddable":true,"href":"https:\/\/linitiative.ca\/International\/wp-json\/wp\/v2\/users\/1741"}],"replies":[{"embeddable":true,"href":"https:\/\/linitiative.ca\/International\/wp-json\/wp\/v2\/comments?post=69173"}],"version-history":[{"count":0,"href":"https:\/\/linitiative.ca\/International\/wp-json\/wp\/v2\/posts\/69173\/revisions"}],"wp:attachment":[{"href":"https:\/\/linitiative.ca\/International\/wp-json\/wp\/v2\/media?parent=69173"}],"wp:term":[{"taxonomy":"category","embeddable":true,"href":"https:\/\/linitiative.ca\/International\/wp-json\/wp\/v2\/categories?post=69173"},{"taxonomy":"post_tag","embeddable":true,"href":"https:\/\/linitiative.ca\/International\/wp-json\/wp\/v2\/tags?post=69173"}],"curies":[{"name":"wp","href":"https:\/\/api.w.org\/{rel}","templated":true}]}}