{"id":69174,"date":"2019-12-02T05:00:00","date_gmt":"2019-12-02T10:00:00","guid":{"rendered":"https:\/\/linitiative.ca\/International\/une-exposition-propose-de-plonger-dans-lunivers-de-monet\/"},"modified":"2019-12-02T05:00:00","modified_gmt":"2019-12-02T10:00:00","slug":"une-exposition-propose-de-plonger-dans-lunivers-de-monet","status":"publish","type":"post","link":"https:\/\/linitiative.ca\/International\/une-exposition-propose-de-plonger-dans-lunivers-de-monet\/","title":{"rendered":"Une exposition propose de plonger dans l&rsquo;univers de Monet"},"content":{"rendered":"<p>\u00abMonet, l&rsquo;exp\u00e9rience immersive\u00bb, \u00e0 savoir plonger dans l&rsquo;univers pictural de Claude Monet pour fr\u00f4ler les falaises d&rsquo;Etretat ou voguer sur la Tamise, qui est une exposition d&rsquo;art immersif, consacr\u00e9e au c\u00e9l\u00e8bre peintre impressionniste fran\u00e7ais, ouvre samedi \u00e0 Bruxelles. L&rsquo;id\u00e9e des organisateurs est de faire voyager le visiteur partout o\u00f9 Monet (1840-1926) a pos\u00e9 son chevalet : dans son jardin de Giverny, au bord de la Seine, \u00e0 Venise ou pr\u00e8s du Parlement de Londres. Sur des murs de 7 m\u00e8tres de haut, des images sont projet\u00e9es en boucle pour \u00abcr\u00e9er un environnement plus grand que la vie\u00bb, d\u00e9clare \u00e0 l&rsquo;AFP Mario Iacampo, producteur de l&rsquo;exposition, \u00e0 la veille de l&rsquo;ouverture.\u00a0<br \/>\u00a0Dans un mus\u00e9e, \u00abface au vrai tableau peint en 1890, on se retrouve confront\u00e9 \u00e0 l&rsquo;histoire. Ici on est plut\u00f4t immerg\u00e9, c&rsquo;est une \u00e9motion davantage visuelle\u00bb, ajoute ce Canadien \u00e9tabli depuis dix ans dans la capitale belge. Pour un petit suppl\u00e9ment au tarif d&rsquo;entr\u00e9e, il est possible d&rsquo;enfiler un casque de r\u00e9alit\u00e9 virtuelle pour un voyage priv\u00e9 de dix minutes dans l&rsquo;\u0153uvre du peintre. L&rsquo;exposition \u00abMonet, l&rsquo;exp\u00e9rience immersive\u00bb, d\u00e9j\u00e0 montr\u00e9e \u00e0 Turin (Italie) et Barcelone (Espagne), a \u00e9t\u00e9 con\u00e7ue en collaboration avec le studio de cr\u00e9ation belge Dirty Monitor, sp\u00e9cialis\u00e9 dans la mod\u00e9lisation en 3D.\u00a0<br \/>Le studio a s\u00e9lectionn\u00e9 plus de 300 tableaux de l&rsquo;auteur des Nymph\u00e9as et utilis\u00e9 quelque 130 000 images pour animer son \u0153uvre avec une soixantaine de projecteurs. Heberg\u00e9e dans une galerie d&rsquo;art situ\u00e9e dans le vaste b\u00e2timent de la gare centrale, l&rsquo;exposition doit durer jusqu&rsquo;au mois avril.\u00a0<\/p>\n<p>Auteur:<br \/>\n<a href=\"https:\/\/www.lesoirdalgerie.com\/culture\/une-exposition-propose-de-plonger-dans-lunivers-de-monet-34562\">Cliquez ici pour lire l&rsquo;article depuis sa source.<\/a><\/p>\n","protected":false},"excerpt":{"rendered":"<p>\u00abMonet, l&rsquo;exp\u00e9rience immersive\u00bb, \u00e0 savoir plonger dans l&rsquo;univers pictural de Claude Monet pour fr\u00f4ler les falaises d&rsquo;Etretat ou voguer sur la Tamise, qui est une exposition d&rsquo;art immersif, consacr\u00e9e au c\u00e9l\u00e8bre peintre impressionniste fran\u00e7ais, ouvre samedi \u00e0 Bruxelles. L&rsquo;id\u00e9e des organisateurs est de faire voyager le visiteur partout o\u00f9 Monet (1840-1926) a pos\u00e9 son chevalet [&hellip;]<\/p>\n","protected":false},"author":1741,"featured_media":0,"comment_status":"closed","ping_status":"closed","sticky":false,"template":"","format":"standard","meta":{"fifu_image_url":"","fifu_image_alt":"","footnotes":""},"categories":[73,53],"tags":[],"class_list":["post-69174","post","type-post","status-publish","format-standard","hentry","category-actualite","category-algerie"],"_links":{"self":[{"href":"https:\/\/linitiative.ca\/International\/wp-json\/wp\/v2\/posts\/69174","targetHints":{"allow":["GET"]}}],"collection":[{"href":"https:\/\/linitiative.ca\/International\/wp-json\/wp\/v2\/posts"}],"about":[{"href":"https:\/\/linitiative.ca\/International\/wp-json\/wp\/v2\/types\/post"}],"author":[{"embeddable":true,"href":"https:\/\/linitiative.ca\/International\/wp-json\/wp\/v2\/users\/1741"}],"replies":[{"embeddable":true,"href":"https:\/\/linitiative.ca\/International\/wp-json\/wp\/v2\/comments?post=69174"}],"version-history":[{"count":0,"href":"https:\/\/linitiative.ca\/International\/wp-json\/wp\/v2\/posts\/69174\/revisions"}],"wp:attachment":[{"href":"https:\/\/linitiative.ca\/International\/wp-json\/wp\/v2\/media?parent=69174"}],"wp:term":[{"taxonomy":"category","embeddable":true,"href":"https:\/\/linitiative.ca\/International\/wp-json\/wp\/v2\/categories?post=69174"},{"taxonomy":"post_tag","embeddable":true,"href":"https:\/\/linitiative.ca\/International\/wp-json\/wp\/v2\/tags?post=69174"}],"curies":[{"name":"wp","href":"https:\/\/api.w.org\/{rel}","templated":true}]}}