{"id":69176,"date":"2019-12-02T05:00:00","date_gmt":"2019-12-02T10:00:00","guid":{"rendered":"https:\/\/linitiative.ca\/International\/corneille-na-pas-ecrit-les-pieces-de-moliere-tranche-une-etude\/"},"modified":"2019-12-02T05:00:00","modified_gmt":"2019-12-02T10:00:00","slug":"corneille-na-pas-ecrit-les-pieces-de-moliere-tranche-une-etude","status":"publish","type":"post","link":"https:\/\/linitiative.ca\/International\/corneille-na-pas-ecrit-les-pieces-de-moliere-tranche-une-etude\/","title":{"rendered":"Corneille n&rsquo;a pas \u00e9crit les pi\u00e8ces de Moli\u00e8re, tranche une \u00e9tude"},"content":{"rendered":"<p>C&rsquo;est une pol\u00e9mique qui date de 100 ans : Corneille aurait-il \u00e9crit les pi\u00e8ces de Moli\u00e8re ? Invraisemblable, tranche une \u00e9tude scientifique qui confirme la paternit\u00e9 des \u0153uvres du plus c\u00e9l\u00e8bre des dramaturges fran\u00e7ais. Deux chercheurs du CNRS et de l&rsquo;\u00c9cole nationale des chartes se sont bas\u00e9s sur l&rsquo;analyse statistique r\u00e9alis\u00e9e par un algorithme de linguistique des habitudes d&rsquo;\u00e9criture et des \u00abtics de langage\u00bb pour prouver que Moli\u00e8re est bien l&rsquo;auteur du Malade imaginaire, de l&rsquo;Avare et d&rsquo;autres pi\u00e8ces mythiques.\u00a0<br \/>En 1919, le romancier fran\u00e7ais Pierre Lou\u00ffs dit avoir d\u00e9voil\u00e9 une supercherie litt\u00e9raire : Moli\u00e8re n&rsquo;aurait \u00e9t\u00e9 que le pr\u00eate-nom de Pierre Corneille, une pol\u00e9mique qui rappelle celle selon laquelle, derri\u00e8re le pseudonyme de Shakespeare, se cachait un ou plusieurs auteurs qui n&rsquo;\u00e9taient pas le c\u00e9l\u00e8bre dramaturge anglais. Ceux qui avancent cette th\u00e9orie, relanc\u00e9e au d\u00e9but des ann\u00e9es 2000, estiment que les styles des deux dramaturges se ressemblent trop et se demandent \u00abcomment un com\u00e9dien, pr\u00e9sum\u00e9 sans grande \u00e9ducation litt\u00e9raire, \u00e0 la fois valet de chambre du roi et directeur de troupe de th\u00e9\u00e2tre, aurait-il pu \u00e9crire tant de chefs-d&rsquo;\u0153uvre\u00bb, selon l&rsquo;\u00e9tude publi\u00e9e mercredi dans la revue am\u00e9ricaine Science Advances. \u00abSur toutes les caract\u00e9ristiques qu&rsquo;on \u00e9tudie, Corneille n&rsquo;est jamais pr\u00e8s de Moli\u00e8re. Le r\u00e9sultat est sans appel\u00bb, affirme \u00e0 l&rsquo;AFP Florian Cafiero, ing\u00e9nieur de recherche au CNRS qui a travaill\u00e9 avec Jean-Baptiste Camps, ma\u00eetre de conf\u00e9rences \u00e0 l&rsquo;\u00c9cole des Chartes.\u00a0<br \/>\u00abLe th\u00e9\u00e2tre du XVIIe si\u00e8cle est tr\u00e8s codifi\u00e9, il y a la r\u00e8gle des unit\u00e9s, une versification tr\u00e8s codifi\u00e9e, des mani\u00e8res de faire rythmer, il y a des sources d&rsquo;inspiration qui sont les m\u00eames. Tout va vite se ressembler\u00bb, dit-il. Mais \u00abMoli\u00e8re fait partie de ceux qui s&rsquo;isolent le mieux. Il s&rsquo;identifie extr\u00eamement bien. Il n&rsquo;y a vraiment pas de doute\u00bb, ajoute le chercheur. L&rsquo;\u00e9tude, qui se concentre principalement sur des com\u00e9dies, s&rsquo;est bas\u00e9e au d\u00e9part sur un corpus de 70 pi\u00e8ces incluant les auteurs de l&rsquo;\u00e9poque, avant de le restreindre \u00e0 37 pi\u00e8ces de Corneille, de son fr\u00e8re Thomas Corneille, de Moli\u00e8re, de Rotrou et de Scarron.\u00a0<br \/>Les chercheurs se sont bas\u00e9s sur la m\u00e9thode de \u00ablinguistique computative\u00bb qui consiste \u00e0 analyser statistiquement plusieurs caract\u00e9ristiques, dont les pr\u00e9fixes, suffixes et m\u00eame des mots-outils (\u00abet\u00bb, \u00abde\u00bb, \u00absi\u00bb).\u00a0<br \/>\u00abCes parties inconscientes de la linguistique signent beaucoup qui on est\u00bb, selon M. Cafiero, pr\u00e9cisant que cette technique d&rsquo;analyse a \u00e9t\u00e9 d\u00e9velopp\u00e9e depuis les ann\u00e9es 2000 et est utilis\u00e9e notamment par la police, par exemple pour identifier un d\u00e9nonciateur, mais aussi pour \u00e9tudier la litt\u00e9rature m\u00e9di\u00e9vale ou pour lutter contre le plagiat.\u00a0<\/p>\n<p>Auteur:<br \/>\n<a href=\"https:\/\/www.lesoirdalgerie.com\/culture\/corneille-na-pas-ecrit-les-pieces-de-moliere-tranche-une-etude-34560\">Cliquez ici pour lire l&rsquo;article depuis sa source.<\/a><\/p>\n","protected":false},"excerpt":{"rendered":"<p>C&rsquo;est une pol\u00e9mique qui date de 100 ans : Corneille aurait-il \u00e9crit les pi\u00e8ces de Moli\u00e8re ? Invraisemblable, tranche une \u00e9tude scientifique qui confirme la paternit\u00e9 des \u0153uvres du plus c\u00e9l\u00e8bre des dramaturges fran\u00e7ais. Deux chercheurs du CNRS et de l&rsquo;\u00c9cole nationale des chartes se sont bas\u00e9s sur l&rsquo;analyse statistique r\u00e9alis\u00e9e par un algorithme de [&hellip;]<\/p>\n","protected":false},"author":1741,"featured_media":0,"comment_status":"closed","ping_status":"closed","sticky":false,"template":"","format":"standard","meta":{"fifu_image_url":"","fifu_image_alt":"","footnotes":""},"categories":[73,53],"tags":[],"class_list":["post-69176","post","type-post","status-publish","format-standard","hentry","category-actualite","category-algerie"],"_links":{"self":[{"href":"https:\/\/linitiative.ca\/International\/wp-json\/wp\/v2\/posts\/69176","targetHints":{"allow":["GET"]}}],"collection":[{"href":"https:\/\/linitiative.ca\/International\/wp-json\/wp\/v2\/posts"}],"about":[{"href":"https:\/\/linitiative.ca\/International\/wp-json\/wp\/v2\/types\/post"}],"author":[{"embeddable":true,"href":"https:\/\/linitiative.ca\/International\/wp-json\/wp\/v2\/users\/1741"}],"replies":[{"embeddable":true,"href":"https:\/\/linitiative.ca\/International\/wp-json\/wp\/v2\/comments?post=69176"}],"version-history":[{"count":0,"href":"https:\/\/linitiative.ca\/International\/wp-json\/wp\/v2\/posts\/69176\/revisions"}],"wp:attachment":[{"href":"https:\/\/linitiative.ca\/International\/wp-json\/wp\/v2\/media?parent=69176"}],"wp:term":[{"taxonomy":"category","embeddable":true,"href":"https:\/\/linitiative.ca\/International\/wp-json\/wp\/v2\/categories?post=69176"},{"taxonomy":"post_tag","embeddable":true,"href":"https:\/\/linitiative.ca\/International\/wp-json\/wp\/v2\/tags?post=69176"}],"curies":[{"name":"wp","href":"https:\/\/api.w.org\/{rel}","templated":true}]}}