{"id":69177,"date":"2019-12-02T12:33:28","date_gmt":"2019-12-02T17:33:28","guid":{"rendered":"https:\/\/linitiative.ca\/International\/africa-security-forum-appel-a-une-mobilisation-forte-contre-les-effets-du-changement-climatique\/"},"modified":"2019-12-02T12:33:28","modified_gmt":"2019-12-02T17:33:28","slug":"africa-security-forum-appel-a-une-mobilisation-forte-contre-les-effets-du-changement-climatique","status":"publish","type":"post","link":"https:\/\/linitiative.ca\/International\/africa-security-forum-appel-a-une-mobilisation-forte-contre-les-effets-du-changement-climatique\/","title":{"rendered":"Africa Security Forum: Appel \u00e0 une mobilisation forte contre les effets du changement climatique"},"content":{"rendered":"<p><strong>Plus de 400 personnalit\u00e9s, venues des quatre coins du monde, ont pris part \u00e0 la 4<\/strong><sup><strong>\u00e8me<\/strong><\/sup><strong>\u00e9dition de l\u2019Africa Security Forum du 1<\/strong><sup><strong>er<\/strong><\/sup><strong>au 3 d\u00e9cembre \u00e0 Rabat. Les travaux ont port\u00e9 sur les solutions \u00e0 mettre en \u0153uvre pour contrer les cons\u00e9quences du changement climatique.<\/strong><\/p>\n<div class=\"c10\"\/>\n<p>La quatri\u00e8me \u00e9dition de l\u2019<strong>Africa Security Forum<\/strong> s\u2019est ouverte \u00e0 Rabat le 2 d\u00e9cembre. Plac\u00e9e sous le th\u00e8me \u00ab\u00a0l\u2019impact du changement climatique sur la s\u00e9curit\u00e9 en Afrique\u00a0\u00bb, cette rencontre repr\u00e9sente l\u2019un des rendez-vous les plus importants de l\u2019ann\u00e9e sur le continent, notamment pour les strat\u00e8ges, d\u00e9cideurs publics, institutionnels, et experts\u2026 Ainsi, plus de 300 participants de haut niveau ont r\u00e9pondu pr\u00e9sent \u00e0 cet \u00e9v\u00e9nement qui se d\u00e9roule du 1<sup>er<\/sup> au 3 d\u00e9cembre.<\/p>\n<p>Dans son discours inaugural, Driss Benomar, pr\u00e9sident du Centre de recherches et d\u2019\u00e9tudes g\u00e9ostrat\u00e9giques (<strong>Atlantis<\/strong>), organisateur de l\u2019\u00e9v\u00e9nement, a notamment appel\u00e9 \u00e0 une s\u00e9rieuse r\u00e9flexion sur un nouveau mod\u00e8le de coop\u00e9ration africaine pour faire face aux d\u00e9fis s\u00e9curitaires et environnementaux auxquels fait face le continent. \u00abLes effets des changements climatiques sur le paysage politique mondial d\u00e9stabilisent les r\u00e9gions vuln\u00e9rables du continent et favorisent les tensions avec leur lot de probl\u00e8mes s\u00e9curitaires et de conflits. Le rythme actuel des changements climatiques, notamment en termes de hausse du niveau de la mer due \u00e0 la fonte des glaciers, d\u2019extr\u00eame variabilit\u00e9 des pr\u00e9cipitations, et de fr\u00e9quence d\u2019intensit\u00e9 accrue des temp\u00eates provoquent une situation in\u00e9dite \u00e0 laquelle nous devons nous pr\u00e9parer\u00a0\u00bb, a-t-il mis en garde.<\/p>\n<p>Lire aussi: <a href=\"https:\/\/www.challenge.ma\/africa-security-forum-2019-focus-sur-les-enjeux-securitaires-du-changement-climatique-en-afrique-121893\/\">Africa Security Forum 2019: Focus sur les enjeux s\u00e9curitaires<\/a><\/p>\n<p>Avec pas moins de 2 milliards d\u2019habitants d\u2019ici 2050, l\u2019Afrique est plus que jamais au centre de toutes les pr\u00e9occupations en ce qui concerne la lutte contre les impacts du changement climatique, d\u2019autant plus qu\u2019elle repr\u00e9sente l\u2019un des continents les plus vuln\u00e9rables. Ces derni\u00e8res ann\u00e9es, nonobstant un taux de croissance \u00e0 2 chiffres, le continent n\u2019a pas r\u00e9ussi \u00e0 relever certains principaux d\u00e9fis, tels que la lutte contre la pauvret\u00e9, la cr\u00e9ation d\u2019emplois pour r\u00e9sorber le <strong>ch\u00f4mage des jeunes<\/strong>\u2026 Plusieurs r\u00e9gions dans de nombreux pays du continent font encore face \u00e0 la famine, due \u00e0 des vagues de s\u00e9cheresse inhabituelles ab\u00eemant les r\u00e9coltes agricoles, ce qui a occasionn\u00e9 des d\u00e9placements massifs de plusieurs populations vers d\u2019autres pays et r\u00e9gions afin de survivre.<\/p>\n<p><img decoding=\"async\" src=\"https:\/\/www.challenge.ma\/wp-content\/uploads\/2019\/12\/Jean-Louis-Borloo-ex-ministre-franc%CC%A7ais-et-pre%CC%81sident-fondateur-de-lassociation-e%CC%81nergie-pour-lAfrique-1024x683.jpg\" alt=\"\" class=\"wp-image-124648\" srcset=\"https:\/\/www.challenge.ma\/wp-content\/uploads\/2019\/12\/Jean-Louis-Borloo-ex-ministre-franc\u0327ais-et-pre\u0301sident-fondateur-de-lassociation-e\u0301nergie-pour-lAfrique-1024x683.jpg 1024w, https:\/\/www.challenge.ma\/wp-content\/uploads\/2019\/12\/Jean-Louis-Borloo-ex-ministre-franc\u0327ais-et-pre\u0301sident-fondateur-de-lassociation-e\u0301nergie-pour-lAfrique-300x200.jpg 300w, https:\/\/www.challenge.ma\/wp-content\/uploads\/2019\/12\/Jean-Louis-Borloo-ex-ministre-franc\u0327ais-et-pre\u0301sident-fondateur-de-lassociation-e\u0301nergie-pour-lAfrique-768x512.jpg 768w, https:\/\/www.challenge.ma\/wp-content\/uploads\/2019\/12\/Jean-Louis-Borloo-ex-ministre-franc\u0327ais-et-pre\u0301sident-fondateur-de-lassociation-e\u0301nergie-pour-lAfrique-360x240.jpg 360w, https:\/\/www.challenge.ma\/wp-content\/uploads\/2019\/12\/Jean-Louis-Borloo-ex-ministre-franc\u0327ais-et-pre\u0301sident-fondateur-de-lassociation-e\u0301nergie-pour-lAfrique-750x500.jpg 750w\" sizes=\"(max-width: 1024px) 100vw, 1024px\"\/>Jean-Louis Borloo, ancien ministre fran\u00e7ais de l\u2019Ecologie<\/p>\n<p>D\u2019ailleurs, selon plusieurs \u00e9tudes, l\u2019Afrique aura besoin de 40 milliards de dollars \u00e0 investir chaque ann\u00e9e d\u2019ici \u00e0 2030 pour r\u00e9ussir \u00e0 limiter les effets drastiques du <strong>changement climatique<\/strong>. L\u2019objectif des organisateurs dudit forum, face \u00e0 cette situation, est de pouvoir mobiliser l\u2019intelligencia africaine autour de la question pour r\u00e9fl\u00e9chir et faire des recommandations pratiques qui serviront de base pour les solutions \u00e0 mettre en \u0153uvre par les Etats africains. Pour sa part, Jean-Louis Borloo, ancien ministre fran\u00e7ais de l\u2019Ecologie et pr\u00e9sident de la fondation Energies pour l\u2019Afrique depuis 2015, a mis en exergue l\u2019importance de l\u2019\u00e9nergie comme facteur cl\u00e9 du d\u00e9veloppement social et \u00e9conomique du continent. Le d\u00e9r\u00e8glement climatique se combine malheureusement avec un probl\u00e8me d\u2019\u00e9nergie sur le continent africain. Il est n\u00e9cessaire de mettre en place des projets visant \u00e0 assurer l\u2019acc\u00e8s universel \u00e0 l\u2019\u00e9nergie, un plan pour l\u2019eau et l\u2019assainissement, d\u2019assurer la s\u00e9curit\u00e9 alimentaire et aussi mettre en place l\u2019infrastructure\u00a0\u00bb, a-t-il soutenu, ajoutant que le continent africain constitue une chance pour l\u2019Europe.<\/p>\n<p>Force est de souligner que la majeure partie des participants ont appel\u00e9 \u00e0 la mise en \u0153uvre de solutions rapides pour soulager les millions de populations d\u00e9j\u00e0 confront\u00e9es aux cons\u00e9quences du d\u00e9r\u00e8glement climatique sur le continent. Tanguy Gahouma Bekale, conseiller sp\u00e9cial du pr\u00e9sident gabonais (Gabon-Afrique Centrale) a appel\u00e9 les autres pays du continent \u00e0 s\u2019inspirer du Maroc. \u00ab\u00a0La question du changement climatique et de la s\u00e9curit\u00e9 est une des priorit\u00e9s en Afrique. Le r\u00f4le du changement climatique comme facteur aggravant des conflits en Afrique a trop souvent \u00e9t\u00e9 n\u00e9glig\u00e9. Ce forum est donc pour une opportunit\u00e9 pour rehausser \u00e0 son v\u00e9ritable niveau le lien complexe qu\u2019il y a entre ces deux fl\u00e9aux. Ce forum nous donne l\u2019occasion de r\u00e9fl\u00e9chir sur les solutions \u00e0 mettre en \u0153uvre pour pr\u00e9venir au mieux les cons\u00e9quences et aussi mieux comprendre les incidences du changement climatique\u00a0\u00bb, a-t-il estim\u00e9. Pour rappel, plac\u00e9 sous le Haut patronage de SM le roi Mohammed VI, Africa Security Forum est co-organis\u00e9 par le Centre de Recherches et d\u2019Etudes Strat\u00e9giques Atlantis, et le Forum International des Technologies de S\u00e9curit\u00e9 (FITS).<\/p>\n<div class=\"c17\">\n<fieldset class=\"c16\">\n<legend><strong><span class=\"c11\">Challenge<\/span><span class=\"c12\">news<\/span><\/strong><\/legend>\n<div class=\"c15\">Le meilleur de Challenge s\u00e9lectionn\u00e9 par la r\u00e9daction :<\/p>\n<\/div>\n<\/fieldset>\n<\/div>\n<p>Auteur: Roland Amoussou<br \/>\n<a href=\"https:\/\/www.challenge.ma\/asf-2019-appel-a-une-mobilisation-forte-contre-les-effets-du-changement-climatique-124642\/\">Cliquez ici pour lire l&rsquo;article depuis sa source.<\/a><\/p>\n","protected":false},"excerpt":{"rendered":"<p>Plus de 400 personnalit\u00e9s, venues des quatre coins du monde, ont pris part \u00e0 la 4\u00e8me\u00e9dition de l\u2019Africa Security Forum du 1erau 3 d\u00e9cembre \u00e0 Rabat. Les travaux ont port\u00e9 sur les solutions \u00e0 mettre en \u0153uvre pour contrer les cons\u00e9quences du changement climatique. La quatri\u00e8me \u00e9dition de l\u2019Africa Security Forum s\u2019est ouverte \u00e0 Rabat [&hellip;]<\/p>\n","protected":false},"author":1787,"featured_media":69178,"comment_status":"closed","ping_status":"closed","sticky":false,"template":"","format":"standard","meta":{"fifu_image_url":"","fifu_image_alt":"","footnotes":""},"categories":[78,54],"tags":[],"class_list":["post-69177","post","type-post","status-publish","format-standard","has-post-thumbnail","hentry","category-economie","category-maroc"],"_links":{"self":[{"href":"https:\/\/linitiative.ca\/International\/wp-json\/wp\/v2\/posts\/69177","targetHints":{"allow":["GET"]}}],"collection":[{"href":"https:\/\/linitiative.ca\/International\/wp-json\/wp\/v2\/posts"}],"about":[{"href":"https:\/\/linitiative.ca\/International\/wp-json\/wp\/v2\/types\/post"}],"author":[{"embeddable":true,"href":"https:\/\/linitiative.ca\/International\/wp-json\/wp\/v2\/users\/1787"}],"replies":[{"embeddable":true,"href":"https:\/\/linitiative.ca\/International\/wp-json\/wp\/v2\/comments?post=69177"}],"version-history":[{"count":0,"href":"https:\/\/linitiative.ca\/International\/wp-json\/wp\/v2\/posts\/69177\/revisions"}],"wp:featuredmedia":[{"embeddable":true,"href":"https:\/\/linitiative.ca\/International\/wp-json\/"}],"wp:attachment":[{"href":"https:\/\/linitiative.ca\/International\/wp-json\/wp\/v2\/media?parent=69177"}],"wp:term":[{"taxonomy":"category","embeddable":true,"href":"https:\/\/linitiative.ca\/International\/wp-json\/wp\/v2\/categories?post=69177"},{"taxonomy":"post_tag","embeddable":true,"href":"https:\/\/linitiative.ca\/International\/wp-json\/wp\/v2\/tags?post=69177"}],"curies":[{"name":"wp","href":"https:\/\/api.w.org\/{rel}","templated":true}]}}