{"id":69182,"date":"2019-12-02T15:24:33","date_gmt":"2019-12-02T20:24:33","guid":{"rendered":"https:\/\/linitiative.ca\/International\/tunisie-video-le-changement-tant-attendu-saied-et-chahed-enchainent-les-actes-et-le-concret-apres-le-constat\/"},"modified":"2019-12-02T15:24:33","modified_gmt":"2019-12-02T20:24:33","slug":"tunisie-video-le-changement-tant-attendu-saied-et-chahed-enchainent-les-actes-et-le-concret-apres-le-constat","status":"publish","type":"post","link":"https:\/\/linitiative.ca\/International\/tunisie-video-le-changement-tant-attendu-saied-et-chahed-enchainent-les-actes-et-le-concret-apres-le-constat\/","title":{"rendered":"Tunisie \u2013 VIDEO\u00a0: Le changement tant attendu\u00a0: Sa\u00efed et Chahed encha\u00eenent les actes et le concret apr\u00e8s le constat"},"content":{"rendered":"<div class=\"post-cont-in left relative\">\n<div class=\"swp_social_panel swp_horizontal_panel swp_flat_fresh swp_default_full_color swp_individual_full_color swp_other_full_color scale-100 scale-\" data-min-width=\"1100\" data-float-color=\"#ffffff\" data-float=\"none\" data-float-mobile=\"none\" data-transition=\"slide\">\n<div class=\"nc_tweetContainer swp_share_button total_shares total_sharesalt\"><span class=\"swp_count\">26 <span class=\"swp_label\">Partages<\/span><\/span><\/div>\n<\/div>\n<p>La sc\u00e8ne sociopolitique tunisienne serait-elle en train de vivre une mutation, avec ce qui s\u2019est pass\u00e9 hier suite \u00e0 l\u2019accident de bus \u00e0 Amdoun. En effet, le pr\u00e9sident de la R\u00e9publique est all\u00e9, accompagn\u00e9 du chef du gouvernement sortant, sur les lieux de l\u2019accident, pour se faire une id\u00e9e, de visu, de ce qui s\u2019est pass\u00e9 sur le lieu du drame. Par la suite, les deux t\u00eates de l\u2019ex\u00e9cutif ont fait ensemble la tourn\u00e9e des \u00e9tablissements o\u00f9 \u00e9taient hospitalis\u00e9s les survivants de l\u2019accident et se sont entretenus avec les familles des victimes.<\/p>\n<div class=\"code-block code-block-1 c3\"><ins class=\"adsbygoogle c2\" data-ad-layout=\"in-article\" data-ad-format=\"fluid\" data-ad-client=\"ca-pub-2102118777505746\" data-ad-slot=\"7301775417\"\/> <\/div>\n<p>Normalement et pour se conformer aux anciens standards tunisiens, l\u2019histoire devait s\u2019achever \u00e0 ce stade, avec des communiqu\u00e9s de condamnation, des promesses, des menaces\u2026 Et puis, plus rien\u00a0!<\/p>\n<div class=\"code-block code-block-2 c3\"><ins class=\"adsbygoogle c2\" data-ad-layout=\"in-article\" data-ad-format=\"fluid\" data-ad-client=\"ca-pub-2102118777505746\" data-ad-slot=\"7301775417\"\/> <\/div>\n<p>Or, Sa\u00efed et Chahed sont pass\u00e9s \u00e0 un palier sup\u00e9rieur. Celui d\u2019encha\u00eener, apr\u00e8s les constats, les actions. C\u2019est cette d\u00e9marcation par rapport \u00e0 ce qui se faisait auparavant qui va marquer des points cruciaux au cr\u00e9dit de Sa\u00efed,\u00a0en qui de nombreux tunisiens ont mis leur confiance, justement, pour qu\u2019il change les choses.<\/p>\n<p>Les actions ont, en effet, suivi les constats et les visites de terrain, puisque, m\u00eame pas 24 heures apr\u00e8s le drame, le chef du gouvernement est all\u00e9 au palais de Carthage, rendre compte au pr\u00e9sident Sa\u00efed, des mesures et d\u00e9marches entreprises, pour mettre le doigt sur les d\u00e9faillances et, surtout, veiller \u00e0 ce que \u00e7\u00e0 ne se r\u00e9p\u00e8te plus.<\/p>\n<p>Chahed a, en effet, inform\u00e9 le pr\u00e9sident des r\u00e9sultats du conseil minist\u00e9riel restreint tenu ce matin, \u00e0 La Kasbah, en pr\u00e9sence des ministres de l\u2019Int\u00e9rieur, de la Sant\u00e9, de l\u2019Equipement, des Finances et des responsables de la protection civile. Il lui a, par ailleurs, pr\u00e9sent\u00e9 les mesures concr\u00e8tes et les mesures \u00e0 prendre pour \u00e9viter de telles trag\u00e9dies.<\/p>\n<p>Chahed a annonc\u00e9, \u00e0 l\u2019issue de l\u2019entretien, que le pr\u00e9sident a insist\u00e9 pour tout mettre en \u0153uvre, afin d\u2019\u00e9viter de telles catastrophes sur ces points noirs du r\u00e9seau routier. Chahed a ajout\u00e9 que d\u2019importantes d\u00e9cisions seront rendues publiques, dans les heures qui suivent.<\/p>\n<p>Esp\u00e9rons que ces d\u00e9cisions et ces actions soient au niveau de l\u2019attente des tunisiens et\u00a0aillent au fond du probl\u00e8me pour le corriger et ne se limitent pas \u00e0 de simples slogans et \u00e0 des promesses sans suite.<br \/><iframe loading=\"lazy\" class=\"c4\" src=\"https:\/\/www.facebook.com\/plugins\/video.php?href=https%3A%2F%2Fwww.facebook.com%2FPresidence.tn%2Fvideos%2F1009265132755761%2F&#038;show_text=0&#038;width=560\" width=\"560\" height=\"315\" frameborder=\"0\" scrolling=\"no\" allowfullscreen=\"allowfullscreen\">[embedded content]<\/iframe><\/p>\n<p><strong>Que se passe-t-il en Tunisie?<\/strong><br \/>Nous expliquons sur notre <a href=\"https:\/\/www.youtube.com\/channel\/UCRzypVq0B_yBad5eGrwBx0Q?sub_confirmation=1\" target=\"_blank\" rel=\"noopener noreferrer\">cha\u00eene YouTube<\/a> . <a href=\"https:\/\/www.youtube.com\/channel\/UCRzypVq0B_yBad5eGrwBx0Q?sub_confirmation=1\" target=\"_blank\" rel=\"noopener noreferrer\">Abonnez-vous!<\/a><\/p>\n<div class=\"mvp-org-wrap mvp-org-logo\" itemprop=\"publisher\" itemscope=\"\" itemtype=\"https:\/\/schema.org\/Organization\"><img decoding=\"async\" src=\"https:\/\/www.tunisienumerique.com\/wp-content\/uploads\/2017\/02\/logo_tunisie_numerique.png\"\/><\/div>\n<div class=\"swp_social_panel swp_horizontal_panel swp_flat_fresh swp_default_full_color swp_individual_full_color swp_other_full_color scale-100 scale-\" data-min-width=\"1100\" data-float-color=\"#ffffff\" data-float=\"none\" data-float-mobile=\"none\" data-transition=\"slide\">\n<div class=\"nc_tweetContainer swp_share_button total_shares total_sharesalt\"><span class=\"swp_count\">26 <span class=\"swp_label\">Partages<\/span><\/span><\/div>\n<\/div>\n<div class=\"mvp-related-posts left relative\">\n<h4 class=\"post-header\"><span class=\"post-header\">Lire aussi<\/span><\/h4>\n<\/div>\n<\/div>\n<p>Auteur: Saber .<br \/>\n<a href=\"https:\/\/www.tunisienumerique.com\/tunisie-video-le-changement-tant-attendu-saied-et-chahed-enchainent-les-actes-et-le-concret-apres-le-constat\/\">Cliquez ici pour lire l&rsquo;article depuis sa source.<\/a><\/p>\n","protected":false},"excerpt":{"rendered":"<p>26 Partages La sc\u00e8ne sociopolitique tunisienne serait-elle en train de vivre une mutation, avec ce qui s\u2019est pass\u00e9 hier suite \u00e0 l\u2019accident de bus \u00e0 Amdoun. En effet, le pr\u00e9sident de la R\u00e9publique est all\u00e9, accompagn\u00e9 du chef du gouvernement sortant, sur les lieux de l\u2019accident, pour se faire une id\u00e9e, de visu, de ce [&hellip;]<\/p>\n","protected":false},"author":1789,"featured_media":69183,"comment_status":"closed","ping_status":"closed","sticky":false,"template":"","format":"standard","meta":{"fifu_image_url":"","fifu_image_alt":"","footnotes":""},"categories":[73,55],"tags":[],"class_list":["post-69182","post","type-post","status-publish","format-standard","has-post-thumbnail","hentry","category-actualite","category-tunisie"],"_links":{"self":[{"href":"https:\/\/linitiative.ca\/International\/wp-json\/wp\/v2\/posts\/69182","targetHints":{"allow":["GET"]}}],"collection":[{"href":"https:\/\/linitiative.ca\/International\/wp-json\/wp\/v2\/posts"}],"about":[{"href":"https:\/\/linitiative.ca\/International\/wp-json\/wp\/v2\/types\/post"}],"author":[{"embeddable":true,"href":"https:\/\/linitiative.ca\/International\/wp-json\/wp\/v2\/users\/1789"}],"replies":[{"embeddable":true,"href":"https:\/\/linitiative.ca\/International\/wp-json\/wp\/v2\/comments?post=69182"}],"version-history":[{"count":0,"href":"https:\/\/linitiative.ca\/International\/wp-json\/wp\/v2\/posts\/69182\/revisions"}],"wp:featuredmedia":[{"embeddable":true,"href":"https:\/\/linitiative.ca\/International\/wp-json\/"}],"wp:attachment":[{"href":"https:\/\/linitiative.ca\/International\/wp-json\/wp\/v2\/media?parent=69182"}],"wp:term":[{"taxonomy":"category","embeddable":true,"href":"https:\/\/linitiative.ca\/International\/wp-json\/wp\/v2\/categories?post=69182"},{"taxonomy":"post_tag","embeddable":true,"href":"https:\/\/linitiative.ca\/International\/wp-json\/wp\/v2\/tags?post=69182"}],"curies":[{"name":"wp","href":"https:\/\/api.w.org\/{rel}","templated":true}]}}