{"id":69188,"date":"2019-12-02T16:49:17","date_gmt":"2019-12-02T21:49:17","guid":{"rendered":"https:\/\/linitiative.ca\/International\/tunisie-derniere-minute-les-decisions-prises-par-le-conseil-des-ministres-pour-eviter-dautres-accidents-des-moyens-de-transport-en-commun\/"},"modified":"2019-12-02T16:49:17","modified_gmt":"2019-12-02T21:49:17","slug":"tunisie-derniere-minute-les-decisions-prises-par-le-conseil-des-ministres-pour-eviter-dautres-accidents-des-moyens-de-transport-en-commun","status":"publish","type":"post","link":"https:\/\/linitiative.ca\/International\/tunisie-derniere-minute-les-decisions-prises-par-le-conseil-des-ministres-pour-eviter-dautres-accidents-des-moyens-de-transport-en-commun\/","title":{"rendered":"Tunisie \u2013 DERNIERE MINUTE\u00a0: Les d\u00e9cisions prises par le conseil des ministres pour \u00e9viter d\u2019autres accidents des moyens de transport en commun"},"content":{"rendered":"<div class=\"post-cont-in left relative\">\n<div class=\"swp_social_panel swp_horizontal_panel swp_flat_fresh swp_default_full_color swp_individual_full_color swp_other_full_color scale-100 scale-\" data-min-width=\"1100\" data-float-color=\"#ffffff\" data-float=\"none\" data-float-mobile=\"none\" data-transition=\"slide\">\n<div class=\"nc_tweetContainer swp_share_button total_shares total_sharesalt\"><span class=\"swp_count\">25 <span class=\"swp_label\">Partages<\/span><\/span><\/div>\n<\/div>\n<p>La pr\u00e9sidence du gouvernement a publi\u00e9, ce soir, conform\u00e9ment \u00e0 la promesse de Youssef Chahed, \u00e0 l\u2019issue de son entretien avec le pr\u00e9sident de la R\u00e9publique, Ka\u00efs Sa\u00efed, un communiqu\u00e9 pour d\u00e9tailler les d\u00e9cisions les plus importantes prises, ce matin, lors du conseil minist\u00e9riel restreint, \u00e0 propos de l\u2019accident de bus de Amdoun et des dispositions \u00e0 prendre pour \u00e9viter que ces drames ne se reproduisent.<\/p>\n<div class=\"code-block code-block-1 c3\"><ins class=\"adsbygoogle c2\" data-ad-layout=\"in-article\" data-ad-format=\"fluid\" data-ad-client=\"ca-pub-2102118777505746\" data-ad-slot=\"7301775417\"\/> <\/div>\n<p>Entre autres dispositions, le gouvernement a d\u00e9cid\u00e9 de\u00a0:<\/p>\n<div class=\"code-block code-block-2 c3\"><ins class=\"adsbygoogle c2\" data-ad-layout=\"in-article\" data-ad-format=\"fluid\" data-ad-client=\"ca-pub-2102118777505746\" data-ad-slot=\"7301775417\"\/> <\/div>\n<ol>\n<li>Acc\u00e9l\u00e9rer l\u2019enqu\u00eate pour identifier les coupables et d\u00e9terminer les responsabilit\u00e9s dans cet accident. Sachant que le parquet a confi\u00e9 une enqu\u00eate \u00e0 la brigade centrale des recherches de la garde nationale.<\/li>\n<li>R\u00e9viser des cahiers de charges concernant l\u2019exploitation des v\u00e9hicules pour des excursions et du transport irr\u00e9gulier, notamment en ce qui concerne le plafond d\u2019\u00e2ge des v\u00e9hicules autoris\u00e9s. Et r\u00e9daction d\u2019un cahier des charges pour le transport touristique.<\/li>\n<li>Revoir\u00a0les conditions de formation des conducteurs avant l\u2019octroi du permis de conduire.<\/li>\n<li>Exiger, en plus du permis de conduire, un certificat d\u2019aptitude professionnelle pour les conducteurs de bus et de camions poids lourds.<\/li>\n<li>Am\u00e9liorer le syst\u00e8me des contr\u00f4les techniques de ces v\u00e9hicules sp\u00e9cifiques, pour se conformer aux normes internationales et doter les centres de visite technique de moyens sophistiqu\u00e9s pour contr\u00f4ler ces bus.<\/li>\n<li>Utiliser les instruments technologiques qui permettent de contr\u00f4ler la vitesse, les trajets, les distances parcourues, ainsi que les heures de travail et de repos des chauffeurs.<\/li>\n<li>Renforcer la pr\u00e9sence dissuasive des agents de la garde nationale sur les axes routiers \u00e0 risque, notamment, en r\u00e9gion montagneuse, pour obliger les conducteurs \u00e0 se conformer aux r\u00e8gles.<\/li>\n<li>Charger une \u00e9quipe technique repr\u00e9sentant tous les minist\u00e8res concern\u00e9s, pour mettre en \u0153uvre et suivre l\u2019ex\u00e9cution de ces d\u00e9cisions.<\/li>\n<\/ol>\n<p><strong>Que se passe-t-il en Tunisie?<\/strong><br \/>Nous expliquons sur notre <a href=\"https:\/\/www.youtube.com\/channel\/UCRzypVq0B_yBad5eGrwBx0Q?sub_confirmation=1\" target=\"_blank\" rel=\"noopener noreferrer\">cha\u00eene YouTube<\/a> . <a href=\"https:\/\/www.youtube.com\/channel\/UCRzypVq0B_yBad5eGrwBx0Q?sub_confirmation=1\" target=\"_blank\" rel=\"noopener noreferrer\">Abonnez-vous!<\/a><\/p>\n<div class=\"mvp-org-wrap mvp-org-logo\" itemprop=\"publisher\" itemscope=\"\" itemtype=\"https:\/\/schema.org\/Organization\"><img decoding=\"async\" src=\"https:\/\/www.tunisienumerique.com\/wp-content\/uploads\/2017\/02\/logo_tunisie_numerique.png\"\/><\/div>\n<div class=\"swp_social_panel swp_horizontal_panel swp_flat_fresh swp_default_full_color swp_individual_full_color swp_other_full_color scale-100 scale-\" data-min-width=\"1100\" data-float-color=\"#ffffff\" data-float=\"none\" data-float-mobile=\"none\" data-transition=\"slide\">\n<div class=\"nc_tweetContainer swp_share_button total_shares total_sharesalt\"><span class=\"swp_count\">25 <span class=\"swp_label\">Partages<\/span><\/span><\/div>\n<\/div>\n<div class=\"mvp-related-posts left relative\">\n<h4 class=\"post-header\"><span class=\"post-header\">Lire aussi<\/span><\/h4>\n<\/div>\n<\/div>\n<p>Auteur: LM<br \/>\n<a href=\"https:\/\/www.tunisienumerique.com\/tunisie-derniere-minute-les-decisions-prises-par-le-conseil-des-ministres-pour-eviter-dautres-accidents-des-moyens-de-transport-en-commun\/\">Cliquez ici pour lire l&rsquo;article depuis sa source.<\/a><\/p>\n","protected":false},"excerpt":{"rendered":"<p>25 Partages La pr\u00e9sidence du gouvernement a publi\u00e9, ce soir, conform\u00e9ment \u00e0 la promesse de Youssef Chahed, \u00e0 l\u2019issue de son entretien avec le pr\u00e9sident de la R\u00e9publique, Ka\u00efs Sa\u00efed, un communiqu\u00e9 pour d\u00e9tailler les d\u00e9cisions les plus importantes prises, ce matin, lors du conseil minist\u00e9riel restreint, \u00e0 propos de l\u2019accident de bus de Amdoun [&hellip;]<\/p>\n","protected":false},"author":1789,"featured_media":69189,"comment_status":"closed","ping_status":"closed","sticky":false,"template":"","format":"standard","meta":{"fifu_image_url":"","fifu_image_alt":"","footnotes":""},"categories":[73,55],"tags":[],"class_list":["post-69188","post","type-post","status-publish","format-standard","has-post-thumbnail","hentry","category-actualite","category-tunisie"],"_links":{"self":[{"href":"https:\/\/linitiative.ca\/International\/wp-json\/wp\/v2\/posts\/69188","targetHints":{"allow":["GET"]}}],"collection":[{"href":"https:\/\/linitiative.ca\/International\/wp-json\/wp\/v2\/posts"}],"about":[{"href":"https:\/\/linitiative.ca\/International\/wp-json\/wp\/v2\/types\/post"}],"author":[{"embeddable":true,"href":"https:\/\/linitiative.ca\/International\/wp-json\/wp\/v2\/users\/1789"}],"replies":[{"embeddable":true,"href":"https:\/\/linitiative.ca\/International\/wp-json\/wp\/v2\/comments?post=69188"}],"version-history":[{"count":0,"href":"https:\/\/linitiative.ca\/International\/wp-json\/wp\/v2\/posts\/69188\/revisions"}],"wp:featuredmedia":[{"embeddable":true,"href":"https:\/\/linitiative.ca\/International\/wp-json\/"}],"wp:attachment":[{"href":"https:\/\/linitiative.ca\/International\/wp-json\/wp\/v2\/media?parent=69188"}],"wp:term":[{"taxonomy":"category","embeddable":true,"href":"https:\/\/linitiative.ca\/International\/wp-json\/wp\/v2\/categories?post=69188"},{"taxonomy":"post_tag","embeddable":true,"href":"https:\/\/linitiative.ca\/International\/wp-json\/wp\/v2\/tags?post=69188"}],"curies":[{"name":"wp","href":"https:\/\/api.w.org\/{rel}","templated":true}]}}