{"id":69191,"date":"2019-12-02T14:46:41","date_gmt":"2019-12-02T19:46:41","guid":{"rendered":"https:\/\/linitiative.ca\/International\/soldats-francais-tues-au-mali\/"},"modified":"2019-12-02T14:46:41","modified_gmt":"2019-12-02T19:46:41","slug":"soldats-francais-tues-au-mali","status":"publish","type":"post","link":"https:\/\/linitiative.ca\/International\/soldats-francais-tues-au-mali\/","title":{"rendered":"SOLDATS FRAN\u00c7AIS TUES AU MALI"},"content":{"rendered":"<div class=\"stream-item stream-item-above-post-content\">\n<p><noscript><\/p>\n<p><a href=\"\/\/www3.smartadserver.com\/ac?jump=1&#038;nwid=2136&#038;siteid=240610&#038;pgname=rg&#038;fmtid=49046&#038;visit=m&#038;tmstp=[timestamp]&#038;out=nonrich\" target=\"_blank\" rel=\"noopener noreferrer\"><img decoding=\"async\" src=\"\/\/www3.smartadserver.com\/ac?out=nonrich&#038;nwid=2136&#038;siteid=240610&#038;pgname=rg&#038;fmtid=49046&#038;visit=m&#038;tmstp=[timestamp]\" border=\"0\" alt=\"\"\/><\/a><\/p>\n<p><\/noscript><\/div>\n<p>Chaque fois qu\u2019un soldat fran\u00e7ais tombe sur le champ d\u2019honneur, que ce soit en France ou ailleurs dans le monde, un hommage lui est rendu aux Invalides. Et tr\u00e8s souvent, cela se fait en grandes pompes avec g\u00e9n\u00e9ralement\u00a0 toute la solennit\u00e9 requise en pareilles circonstances. Honneur au drapeau fran\u00e7ais, revue des troupes, \u00e9loges fun\u00e8bres et remise de l\u00e9gion d\u2019honneur \u00e0 titre posthume, ce sont l\u00e0 les grands moments qui caract\u00e9risent les c\u00e9r\u00e9monies d\u2019hommage\u00a0 aux Invalides comme il a \u00e9t\u00e9 donn\u00e9 de le voir, hier, 2 d\u00e9cembre 2019, lors des adieux que la France a faits \u00e0 ses treize soldats tu\u00e9s au Mali. Etaient pr\u00e9sents aux c\u00f4t\u00e9s du pr\u00e9sident fran\u00e7ais Emmanuel Macron, les anciens chefs d\u2019Etat\u00a0 que sont Nicolas Sarkozy et Fran\u00e7ois Hollande sans oublier le num\u00e9ro un des Maliens, Ibrahim Boubacar Keita (IBK). La pr\u00e9sence de ce dernier, dans la cour des Invalides, constitue un grand symbole en ce sens que c\u2019est au Mali qu\u2019ont p\u00e9ri les treize soldats tricolores apr\u00e8s une collision entre deux h\u00e9licopt\u00e8res qui appuyaient des unit\u00e9s au sol au cours d\u2019une op\u00e9ration contre des terroristes. Pour IBK donc, participer \u00e0 l\u2019hommage \u00e0 Paris, rel\u00e8ve d\u2019un devoir de gratitude vis-\u00e0-vis de la France qui, plus que tout autre puissance \u00e9trang\u00e8re, est fortement impliqu\u00e9e dans la lutte contre le terrorisme au Sahel m\u00eame si malheureusement,\u00a0 elle est, comme qui dirait, pay\u00e9e aujourd\u2019hui en monnaie de singe. En t\u00e9moigne la clameur qui monte contre la pr\u00e9sence des troupes fran\u00e7aises en Afrique et plus pr\u00e9cis\u00e9ment dans la bande sah\u00e9lo-saharienne o\u00f9 elle sont estim\u00e9es \u00e0 4 500 hommes.<\/p>\n<p><strong>\u00a0<\/strong><\/p>\n<p><strong>l\u2019Union europ\u00e9enne aura sans doute mal \u00e0 sa\u00a0 s\u00e9curit\u00e9 int\u00e9rieure tant que le Sahel restera un foyer incandescent<\/strong><\/p>\n<p><strong>\u00a0<\/strong><\/p>\n<p class=\"c3\">En effet, pendant que les uns accusent la France de chercher \u00e0 faire main basse sur les ressources mini\u00e8res des pays frapp\u00e9s par le terrorisme, d\u2019autres la soup\u00e7onnent d\u2019\u00eatre de m\u00e8che avec les groupes arm\u00e9s dont elle tenterait de prot\u00e9ger certains leaders. Tant et si bien que le chef d\u2019Etat-major des arm\u00e9es fran\u00e7aises, le g\u00e9n\u00e9ral Fran\u00e7ois Lecointre, a fini par se laisser emporter par la col\u00e8re en d\u00e9clarant ceci\u00a0: <em>\u00ab\u00a0Je ne supporte plus ces rumeurs (\u2026)\u00a0\u00bb.<\/em> En tout cas, au-del\u00e0 de l\u2019hommage rendu aux 13 soldats fran\u00e7ais et de la pol\u00e9mique\u00a0 que cela a suscit\u00e9e \u00e7\u00e0 et l\u00e0 au Mali, il y a lieu de reconna\u00eetre que si rien n\u2019est fait, le Sahel deviendra un\u00a0 <em>pand\u00e9monium<\/em> o\u00f9, comme c\u2019est d\u00e9j\u00e0 le cas, se jouent les contrebandes et les crimes de tous genres. D\u2019o\u00f9 la n\u00e9cessaire et forte implication de la communaut\u00e9 internationale et surtout de l\u2019Union europ\u00e9enne (UE) qui aura sans doute mal \u00e0 sa\u00a0 s\u00e9curit\u00e9 int\u00e9rieure tant que le Sahel restera un foyer incandescent. C\u2019est pourquoi il faut saluer l\u2019arriv\u00e9e annonc\u00e9e au Sahel de la force europ\u00e9enne appel\u00e9e <em>Takuba.<\/em> Car, comme l\u2019a si bien dit le pr\u00e9sident Macron, ces 13 soldats fran\u00e7ais sont <em>\u00ab\u00a0morts en op\u00e9ration pour la France\u00a0; pour la protection du Sahel, pour la s\u00e9curit\u00e9 de leurs compatriotes et pour la libert\u00e9 du monde\u00a0\u00bb.<\/em><\/p>\n<p class=\"c3\">\u00a0<strong>B.O<\/strong><\/p>\n<p>Auteur: Le Pays<br \/>\n<a href=\"http:\/\/lepays.bf\/soldats-francais-tues-au-mali\/\">Cliquez ici pour lire l&rsquo;article depuis sa source.<\/a><\/p>\n","protected":false},"excerpt":{"rendered":"<p>Chaque fois qu\u2019un soldat fran\u00e7ais tombe sur le champ d\u2019honneur, que ce soit en France ou ailleurs dans le monde, un hommage lui est rendu aux Invalides. Et tr\u00e8s souvent, cela se fait en grandes pompes avec g\u00e9n\u00e9ralement\u00a0 toute la solennit\u00e9 requise en pareilles circonstances. Honneur au drapeau fran\u00e7ais, revue des troupes, \u00e9loges fun\u00e8bres et [&hellip;]<\/p>\n","protected":false},"author":1813,"featured_media":0,"comment_status":"closed","ping_status":"closed","sticky":false,"template":"","format":"standard","meta":{"fifu_image_url":"","fifu_image_alt":"","footnotes":""},"categories":[73,81],"tags":[],"class_list":["post-69191","post","type-post","status-publish","format-standard","hentry","category-actualite","category-burkina-faso"],"_links":{"self":[{"href":"https:\/\/linitiative.ca\/International\/wp-json\/wp\/v2\/posts\/69191","targetHints":{"allow":["GET"]}}],"collection":[{"href":"https:\/\/linitiative.ca\/International\/wp-json\/wp\/v2\/posts"}],"about":[{"href":"https:\/\/linitiative.ca\/International\/wp-json\/wp\/v2\/types\/post"}],"author":[{"embeddable":true,"href":"https:\/\/linitiative.ca\/International\/wp-json\/wp\/v2\/users\/1813"}],"replies":[{"embeddable":true,"href":"https:\/\/linitiative.ca\/International\/wp-json\/wp\/v2\/comments?post=69191"}],"version-history":[{"count":0,"href":"https:\/\/linitiative.ca\/International\/wp-json\/wp\/v2\/posts\/69191\/revisions"}],"wp:attachment":[{"href":"https:\/\/linitiative.ca\/International\/wp-json\/wp\/v2\/media?parent=69191"}],"wp:term":[{"taxonomy":"category","embeddable":true,"href":"https:\/\/linitiative.ca\/International\/wp-json\/wp\/v2\/categories?post=69191"},{"taxonomy":"post_tag","embeddable":true,"href":"https:\/\/linitiative.ca\/International\/wp-json\/wp\/v2\/tags?post=69191"}],"curies":[{"name":"wp","href":"https:\/\/api.w.org\/{rel}","templated":true}]}}