{"id":69193,"date":"2019-12-02T14:41:41","date_gmt":"2019-12-02T19:41:41","guid":{"rendered":"https:\/\/linitiative.ca\/International\/lutte-contre-le-terrorisme-lappel-du-president-du-faso-explique-dans-la-boucle-du-mouhoun\/"},"modified":"2019-12-02T14:41:41","modified_gmt":"2019-12-02T19:41:41","slug":"lutte-contre-le-terrorisme-lappel-du-president-du-faso-explique-dans-la-boucle-du-mouhoun","status":"publish","type":"post","link":"https:\/\/linitiative.ca\/International\/lutte-contre-le-terrorisme-lappel-du-president-du-faso-explique-dans-la-boucle-du-mouhoun\/","title":{"rendered":"Lutte contre le terrorisme  : l\u2019appel du pr\u00e9sident du Faso expliqu\u00e9 dans la Boucle du Mouhoun"},"content":{"rendered":"<div class=\"td-post-featured-image\"><a href=\"https:\/\/i0.wp.com\/www.sidwaya.info\/wp-content\/uploads\/2019\/12\/1-5.jpg?fit=595%2C613&#038;ssl=1\" data-caption=\"\"><img loading=\"lazy\" decoding=\"async\" width=\"595\" height=\"613\" class=\"entry-thumb td-modal-image\" src=\"https:\/\/i0.wp.com\/www.sidwaya.info\/wp-content\/uploads\/2019\/12\/1-5.jpg?resize=595%2C613&#038;ssl=1\" srcset=\"https:\/\/i0.wp.com\/www.sidwaya.info\/wp-content\/uploads\/2019\/12\/1-5.jpg?w=595&#038;ssl=1 595w, https:\/\/i0.wp.com\/www.sidwaya.info\/wp-content\/uploads\/2019\/12\/1-5.jpg?resize=291%2C300&#038;ssl=1 291w, https:\/\/i0.wp.com\/www.sidwaya.info\/wp-content\/uploads\/2019\/12\/1-5.jpg?resize=408%2C420&#038;ssl=1 408w\" sizes=\"auto, (max-width: 595px) 100vw, 595px\" alt=\"\" title=\"1\"\/><\/a><\/div>\n<p><strong>Une mission du gouvernement compos\u00e9e du ministre des Infrastructures, Eric Bougouma, du ministre de l\u2019Economie, des Finances et du D\u00e9veloppement, Lassan\u00e9 Kabor\u00e9, du vice-pr\u00e9sident \u00e0 l\u2019Assembl\u00e9e nationale, Julien Couldiaty, a s\u00e9journ\u00e9, le 29 novembre 2019 \u00e0 D\u00e9dougou. Ils se sont entretenus avec les forces vives de la Boucle du Mouhoun sur l\u2019appel du pr\u00e9sident du Faso pour lutter contre le terrorisme.<\/strong><\/p>\n<p>A l\u2019instar des douze autres r\u00e9gions, les forces vives de la Boucle du Mouhoun ont accueilli une mission gouvernementale, le vendredi 29 novembre 2019 \u00e0 D\u00e9dougou, pour \u00e9changer et donner leurs avis sur l\u2019appel du pr\u00e9sident Faso, le 7 novembre 2019. Pendant plus de trois heures, le ministre des Infrastructures, Eric Bougouma, principal animateur des \u00e9changes, a d\u00e9taill\u00e9 l\u2019appel du pr\u00e9sident du Faso pour faire face au terrorisme. A la suite de l\u2019attaque d\u2019un convoi de la mine SEMAFO, le 6 novembre 2019, le chef de l\u2019Etat, Roch Marc Christian Kabor\u00e9, dans un message \u00e0 la nation, le lendemain, lan\u00e7ait un appel pour le recrutement de volontaires pour faire face \u00e0 l\u2019adversit\u00e9 de l\u2019ennemi \u00ab\u00a0qui impose cette nouvelle forme de guerre\u00a0\u00bb, a rappel\u00e9 M. Bougouma. Il pense que les vingt-deux millions (22\u00a0000\u00a0000) de Burkinab\u00e8 doivent se donner la main pour combattre les terroristes. Pour le recrutement des volontaires annonc\u00e9 afin d\u2019appuyer les forces de d\u00e9fense et de s\u00e9curit\u00e9, Eric Bougouma, soutient que des textes et des lois sont en gestation pour recadrer ce processus afin d\u2019\u00e9viter certaines situations difficiles \u00e0 g\u00e9rer par la suite. Les \u00e9changes ont permis aux forces vives de comprendre et d\u2019avoir des d\u00e9tails sur l\u2019appel du pr\u00e9sident du Faso. \u00ab\u00a0Nous saluons et nous f\u00e9licitons cette initiative du gouvernement qui a permis de mieux comprendre l\u2019appel du pr\u00e9sident du Faso.<\/p>\n<p>Il y avait des zones d\u2019ombres sur les modalit\u00e9s de cet appel, mais au sortir de ces \u00e9changes, nous sommes d\u00e9sormais bien situ\u00e9s et nous allons \u0153uvrer \u00e0 ce que cet appel soit entendu au sein des populations\u00a0\u00bb, a rassur\u00e9 Adissa Goumbri, pr\u00e9fet du d\u00e9partement de Tougan dans la province du Sourou. Les repr\u00e9sentants des coutumiers et religieux dans leurs messages ont tous appel\u00e9 \u00e0 l\u2019union sacr\u00e9e pour que la stabilit\u00e9 et la paix r\u00e8gne au Faso. \u00ab\u00a0Nous sommes en train de courir pour la recherche de la paix et de la stabilit\u00e9 au regard de ce qui nous arrive. Tout en implorant les anc\u00eatres et le Tout-Puissant pour trouver cette paix et cette stabilit\u00e9, chacun dans son comportement de tous les jours doit converger \u00e0 la culture du vivre-ensemble\u00a0\u00bb, a lanc\u00e9 le porte-parole du chef de canton de D\u00e9dougou.<\/p>\n<p class=\"c1\"><strong>Kam\u00e9l\u00e9 FAYAMA<\/strong><\/p>\n<div class=\"td-a-rec td-a-rec-id-content_bottom tdi_30_35d td_block_template_1\"><img loading=\"lazy\" decoding=\"async\" class=\"aligncenter size-full wp-image-9623\" src=\"https:\/\/www.sidwaya.info\/wp-content\/uploads\/2019\/06\/Projet-bannie%CC%80re-Orange-mobile.jpg\" alt=\"\" width=\"728\" height=\"81\"\/><\/div>\n<p>Auteur: DD. Sidwaya<br \/>\n<a href=\"https:\/\/www.sidwaya.info\/blog\/2019\/12\/02\/lutte-contre-le-terrorisme-lappel-du-president-du-faso-explique-dans-la-boucle-du-mouhoun\/\">Cliquez ici pour lire l&rsquo;article depuis sa source.<\/a><\/p>\n","protected":false},"excerpt":{"rendered":"<p>Une mission du gouvernement compos\u00e9e du ministre des Infrastructures, Eric Bougouma, du ministre de l\u2019Economie, des Finances et du D\u00e9veloppement, Lassan\u00e9 Kabor\u00e9, du vice-pr\u00e9sident \u00e0 l\u2019Assembl\u00e9e nationale, Julien Couldiaty, a s\u00e9journ\u00e9, le 29 novembre 2019 \u00e0 D\u00e9dougou. Ils se sont entretenus avec les forces vives de la Boucle du Mouhoun sur l\u2019appel du pr\u00e9sident du [&hellip;]<\/p>\n","protected":false},"author":1816,"featured_media":0,"comment_status":"closed","ping_status":"closed","sticky":false,"template":"","format":"standard","meta":{"fifu_image_url":"","fifu_image_alt":"","footnotes":""},"categories":[73,81],"tags":[],"class_list":["post-69193","post","type-post","status-publish","format-standard","hentry","category-actualite","category-burkina-faso"],"_links":{"self":[{"href":"https:\/\/linitiative.ca\/International\/wp-json\/wp\/v2\/posts\/69193","targetHints":{"allow":["GET"]}}],"collection":[{"href":"https:\/\/linitiative.ca\/International\/wp-json\/wp\/v2\/posts"}],"about":[{"href":"https:\/\/linitiative.ca\/International\/wp-json\/wp\/v2\/types\/post"}],"author":[{"embeddable":true,"href":"https:\/\/linitiative.ca\/International\/wp-json\/wp\/v2\/users\/1816"}],"replies":[{"embeddable":true,"href":"https:\/\/linitiative.ca\/International\/wp-json\/wp\/v2\/comments?post=69193"}],"version-history":[{"count":0,"href":"https:\/\/linitiative.ca\/International\/wp-json\/wp\/v2\/posts\/69193\/revisions"}],"wp:attachment":[{"href":"https:\/\/linitiative.ca\/International\/wp-json\/wp\/v2\/media?parent=69193"}],"wp:term":[{"taxonomy":"category","embeddable":true,"href":"https:\/\/linitiative.ca\/International\/wp-json\/wp\/v2\/categories?post=69193"},{"taxonomy":"post_tag","embeddable":true,"href":"https:\/\/linitiative.ca\/International\/wp-json\/wp\/v2\/tags?post=69193"}],"curies":[{"name":"wp","href":"https:\/\/api.w.org\/{rel}","templated":true}]}}