{"id":69194,"date":"2019-12-02T14:50:26","date_gmt":"2019-12-02T19:50:26","guid":{"rendered":"https:\/\/linitiative.ca\/International\/medias-des-agents-de-frat-mat-simpregnent-de-la-typographie-de-sidwaya\/"},"modified":"2019-12-02T14:50:26","modified_gmt":"2019-12-02T19:50:26","slug":"medias-des-agents-de-frat-mat-simpregnent-de-la-typographie-de-sidwaya","status":"publish","type":"post","link":"https:\/\/linitiative.ca\/International\/medias-des-agents-de-frat-mat-simpregnent-de-la-typographie-de-sidwaya\/","title":{"rendered":"M\u00e9dias : des agents de \u00ab\u00a0Frat Mat\u00a0\u00bb s\u2019impr\u00e8gnent de la typographie  de Sidwaya"},"content":{"rendered":"<div class=\"td-post-featured-image\"><a href=\"https:\/\/i1.wp.com\/www.sidwaya.info\/wp-content\/uploads\/2019\/12\/1-6.jpg?fit=595%2C446&#038;ssl=1\" data-caption=\"\"><img loading=\"lazy\" decoding=\"async\" width=\"595\" height=\"446\" class=\"entry-thumb td-modal-image\" src=\"https:\/\/i1.wp.com\/www.sidwaya.info\/wp-content\/uploads\/2019\/12\/1-6.jpg?resize=595%2C446&#038;ssl=1\" srcset=\"https:\/\/i1.wp.com\/www.sidwaya.info\/wp-content\/uploads\/2019\/12\/1-6.jpg?w=595&#038;ssl=1 595w, https:\/\/i1.wp.com\/www.sidwaya.info\/wp-content\/uploads\/2019\/12\/1-6.jpg?resize=300%2C225&#038;ssl=1 300w, https:\/\/i1.wp.com\/www.sidwaya.info\/wp-content\/uploads\/2019\/12\/1-6.jpg?resize=560%2C420&#038;ssl=1 560w, https:\/\/i1.wp.com\/www.sidwaya.info\/wp-content\/uploads\/2019\/12\/1-6.jpg?resize=80%2C60&#038;ssl=1 80w, https:\/\/i1.wp.com\/www.sidwaya.info\/wp-content\/uploads\/2019\/12\/1-6.jpg?resize=265%2C198&#038;ssl=1 265w\" sizes=\"auto, (max-width: 595px) 100vw, 595px\" alt=\"\" title=\"1\"\/><\/a><\/div>\n<p><strong>Deux agents du quotidien d\u2019Etat ivoirien, Fraternit\u00e9\u00a0Matin, ont s\u00e9journ\u00e9, du 25 au 29 novembre 2019 \u00e0 Ouagadougou, dans le cadre d\u2019un partage d\u2019exp\u00e9riences avec les Editions Sidwaya.<\/strong><\/p>\n<p>Les Editions Sidwaya et Fraternit\u00e9 Matin, le quotidien d\u2019Etat de C\u00f4te d\u2019Ivoire se sont engag\u00e9s dans un partenariat dynamique pour le rayonnement des deux entreprises de presse. Dans cette optique, deux agents du quotidien ivoirien \u00e9taient \u00e0 Ouagadougou pour un partage d\u2019exp\u00e9riences. Alexis Kramboh et Aly Kouam\u00e9, respectivement correcteur et documentaliste,ont eu des s\u00e9ances de travail avec leurs confr\u00e8res de Sidwaya durant leur s\u00e9jour.<\/p>\n<p>A l\u2019issue des travaux qu\u2019ils ont eus avec leurs confr\u00e8res de Sidwaya, ils ont \u00e9chang\u00e9 avec le directeur g\u00e9n\u00e9ral des Editions Sidwaya sur les points qui ont \u00e9t\u00e9 l\u2019objet des travaux. C\u2019\u00e9tait dans l\u2019apr\u00e8s-midi du vendredi 29 novembre 2019, dans les locaux du journal. En effet, du secr\u00e9tariat de r\u00e9daction \u00e0 la documentation du \u00ab Journal de tous les Burkinab\u00e8 \u00bb les \u00e9missaires de \u00ab Frat Mat \u00bb se sont impr\u00e9gn\u00e9s des conditions de travail typographique et documentaire du journal. \u00ab Nous avons travaill\u00e9 sur la typographie, l\u2019organisation du travail et nous avons fait des cas pratiques avec nos confr\u00e8res de Sidwaya. J\u2019avoue que c\u2019\u00e9tait \u00e9difiant \u00bb, a confi\u00e9 Alexis Kamboh, correcteur \u00e0 Fraternit\u00e9 Matin. Il ajout\u00e9 qu\u2019en d\u00e9pit de la non-num\u00e9risation du syst\u00e8me de correction constat\u00e9e \u00e0 Sidwaya, le produit fini du journal s\u00e9duit par sa qualit\u00e9 et le professionnalisme du travail abattu.<\/p>\n<p>Pour ce qui concerne la documentation, Aly Colette Kouam\u00e9 s\u2019est dit impressionn\u00e9e par la num\u00e9risation du fonds documentaire des Editions Sidwaya. Toute chose qui, \u00e0 son avis, est tr\u00e8s importante pour un quotidien d\u2019Etat.\u00a0\u00abEn tr\u00e8s peu de temps, Sidwaya a pu num\u00e9riser tout son fonds documentaire. C\u2019est un pas tr\u00e8s important qui a \u00e9t\u00e9 franchi\u00a0\u00bb, a-t-elle indiqu\u00e9. Ils ont tous souhait\u00e9 que le partenariat entre les deux organes de presse se poursuive afin que dans une synergie d\u2019actions, Sidwaya et Fraternit\u00e9 Matin puissent se hisser au firmament de la presse francophone sous-r\u00e9gionale.<\/p>\n<p class=\"c1\"><strong>Souma\u00efla BONKOUNGOU<\/strong><\/p>\n<div class=\"td-a-rec td-a-rec-id-content_bottom tdi_30_53d td_block_template_1\"><img loading=\"lazy\" decoding=\"async\" class=\"aligncenter size-full wp-image-9623\" src=\"https:\/\/www.sidwaya.info\/wp-content\/uploads\/2019\/06\/Projet-bannie%CC%80re-Orange-mobile.jpg\" alt=\"\" width=\"728\" height=\"81\"\/><\/div>\n<p>Auteur: DD. Sidwaya<br \/>\n<a href=\"https:\/\/www.sidwaya.info\/blog\/2019\/12\/02\/medias-des-agents-de-frat-mat-simpregnent-de-la-typographie-de-sidwaya\/\">Cliquez ici pour lire l&rsquo;article depuis sa source.<\/a><\/p>\n","protected":false},"excerpt":{"rendered":"<p>Deux agents du quotidien d\u2019Etat ivoirien, Fraternit\u00e9\u00a0Matin, ont s\u00e9journ\u00e9, du 25 au 29 novembre 2019 \u00e0 Ouagadougou, dans le cadre d\u2019un partage d\u2019exp\u00e9riences avec les Editions Sidwaya. Les Editions Sidwaya et Fraternit\u00e9 Matin, le quotidien d\u2019Etat de C\u00f4te d\u2019Ivoire se sont engag\u00e9s dans un partenariat dynamique pour le rayonnement des deux entreprises de presse. Dans [&hellip;]<\/p>\n","protected":false},"author":1816,"featured_media":0,"comment_status":"closed","ping_status":"closed","sticky":false,"template":"","format":"standard","meta":{"fifu_image_url":"","fifu_image_alt":"","footnotes":""},"categories":[73,81],"tags":[],"class_list":["post-69194","post","type-post","status-publish","format-standard","hentry","category-actualite","category-burkina-faso"],"_links":{"self":[{"href":"https:\/\/linitiative.ca\/International\/wp-json\/wp\/v2\/posts\/69194","targetHints":{"allow":["GET"]}}],"collection":[{"href":"https:\/\/linitiative.ca\/International\/wp-json\/wp\/v2\/posts"}],"about":[{"href":"https:\/\/linitiative.ca\/International\/wp-json\/wp\/v2\/types\/post"}],"author":[{"embeddable":true,"href":"https:\/\/linitiative.ca\/International\/wp-json\/wp\/v2\/users\/1816"}],"replies":[{"embeddable":true,"href":"https:\/\/linitiative.ca\/International\/wp-json\/wp\/v2\/comments?post=69194"}],"version-history":[{"count":0,"href":"https:\/\/linitiative.ca\/International\/wp-json\/wp\/v2\/posts\/69194\/revisions"}],"wp:attachment":[{"href":"https:\/\/linitiative.ca\/International\/wp-json\/wp\/v2\/media?parent=69194"}],"wp:term":[{"taxonomy":"category","embeddable":true,"href":"https:\/\/linitiative.ca\/International\/wp-json\/wp\/v2\/categories?post=69194"},{"taxonomy":"post_tag","embeddable":true,"href":"https:\/\/linitiative.ca\/International\/wp-json\/wp\/v2\/tags?post=69194"}],"curies":[{"name":"wp","href":"https:\/\/api.w.org\/{rel}","templated":true}]}}