{"id":69195,"date":"2019-12-02T14:56:39","date_gmt":"2019-12-02T19:56:39","guid":{"rendered":"https:\/\/linitiative.ca\/International\/centre-hospitalier-regional-du-centre-sud-les-travaux-de-construction-lances\/"},"modified":"2019-12-02T14:56:39","modified_gmt":"2019-12-02T19:56:39","slug":"centre-hospitalier-regional-du-centre-sud-les-travaux-de-construction-lances","status":"publish","type":"post","link":"https:\/\/linitiative.ca\/International\/centre-hospitalier-regional-du-centre-sud-les-travaux-de-construction-lances\/","title":{"rendered":"Centre hospitalier r\u00e9gional du Centre-Sud  : les travaux de construction lanc\u00e9s"},"content":{"rendered":"<div class=\"td-post-featured-image\"><a href=\"https:\/\/i2.wp.com\/www.sidwaya.info\/wp-content\/uploads\/2019\/12\/1-7.jpg?fit=595%2C383&#038;ssl=1\" data-caption=\"\"><img loading=\"lazy\" decoding=\"async\" width=\"595\" height=\"383\" class=\"entry-thumb td-modal-image\" src=\"https:\/\/i2.wp.com\/www.sidwaya.info\/wp-content\/uploads\/2019\/12\/1-7.jpg?resize=595%2C383&#038;ssl=1\" srcset=\"https:\/\/i2.wp.com\/www.sidwaya.info\/wp-content\/uploads\/2019\/12\/1-7.jpg?w=595&#038;ssl=1 595w, https:\/\/i2.wp.com\/www.sidwaya.info\/wp-content\/uploads\/2019\/12\/1-7.jpg?resize=300%2C193&#038;ssl=1 300w\" sizes=\"auto, (max-width: 595px) 100vw, 595px\" alt=\"\" title=\"1\"\/><\/a><\/div>\n<p><strong>Les travaux de construction du centre hospitalier r\u00e9gional du Centre-Sud, sise \u00e0 Nassamba, un quartier p\u00e9riph\u00e9rique de la ville de Manga, ont \u00e9t\u00e9 officiellement lanc\u00e9s, le dimanche 1er d\u00e9cembre 2019 par le Premier ministre, Christophe Joseph Marie Dabir\u00e9.<\/strong><\/p>\n<p>Les populations du Centre-Sud verront, sous peu, leur souhait d\u2019avoir un Centre hospitalier r\u00e9gional (CHR) se r\u00e9aliser. Les travaux de construction de l\u2019infrastructure ont \u00e9t\u00e9 officiellement lanc\u00e9s, dimanche dernier, \u00e0 Nassamba, \u00e0 quelques encablures de la ville de Manga. Le Premier ministre, Christophe Joseph Marie Dabir\u00e9, a pr\u00e9sid\u00e9 la c\u00e9r\u00e9monie devant un parterre d\u2019invit\u00e9s compos\u00e9s de partenaires financiers, de membres du gouvernement, d\u2019autorit\u00e9s locales et des populations. Le futur CHR, financ\u00e9 conjointement par le Fonds saoudien de d\u00e9veloppement (FSD), le Fonds koweitien pour le d\u00e9veloppement \u00e9conomique arabe (FKDEA) et l\u2019Etat burkinab\u00e8 \u00e0 hauteur de 13 794 790 989 FCFA, sera r\u00e9alis\u00e9 par deux groupements d\u2019entreprises que sont le Groupement MK Construction\/AL Qasabi et le Groupement DY JESCK\/GERBATTP. Retenus apr\u00e8s un appel d\u2019offre international, le premier prestataire cit\u00e9 va b\u00e9n\u00e9ficier d\u2019un montant de 6 626 230 394 FCFA pour un d\u00e9lai d\u2019ex\u00e9cution de 18 mois tandis que le second se verra octroyer 6 300 483 483 791 FCFA avec un d\u00e9lai contractuel de 16 mois.<\/p>\n<p>A propos des caract\u00e9ristiques du joyau, la ministre de la Sant\u00e9, Claudine Lougu\u00e9, a inform\u00e9 qu\u2019il s\u2019agira d\u2019un complexe sanitaire de plus de 35 infrastructures qui seront b\u00e2ties sur plus de 20 hectares. Le centre sera organis\u00e9, a-t-elle dit, en trois sections \u00e0 savoir une section \u00ab plateau technique \u00bb avec des blocs op\u00e9ratoires, une imagerie m\u00e9dicale et un laboratoire associ\u00e9 \u00e0 une banque de sang, une section \u00ab plateau m\u00e9dical \u00bb qui comprend les urgences m\u00e9dicales et chirurgicales, les consultations externes, la m\u00e9decine g\u00e9n\u00e9rale, la kin\u00e9sith\u00e9rapie, la maternit\u00e9, la p\u00e9diatrie, la psychiatrie\u2026 et la section \u00ab hospitalisations \u00bb avec une capacit\u00e9 d\u2019environ 300 lits. A ces infrastructures, s\u2019ajoutent les services transversaux comme l\u2019administration, la pharmacie, une structure d\u2019interface facilitant l\u2019interaction entre m\u00e9decine traditionnelle et moderne et des services annexes notamment la buanderie, la cuisine et des boutiques pour r\u00e9pondre aux besoins des patients et de leurs accompagnants.<\/p>\n<p><strong>Des r\u00e9sultats probants malgr\u00e9 l\u2019adversit\u00e9<\/strong><\/p>\n<p>D\u2019autres travaux connexes sont \u00e9galement au programme, a annonc\u00e9 la ministre Lougu\u00e9 qui a pr\u00e9cis\u00e9 que le nouveau CHR ambitionne de recevoir des apprenants en sciences de la sant\u00e9, en attendant des extensions infrastructurelles pour la transformer en un Centre hospitalier universitaire (CHU).<\/p>\n<p>Claudine Lougu\u00e9, remerciant les partenaires saoudien et kowe\u00eftien pour leur accompagnement, a fait savoir que le CHR sera, pour les populations, \u00ab un lieu d\u2019espoir \u00bb, en l\u2019occurrence pour l\u2019offre de sant\u00e9, mais aussi pour la formation des agents et la recherche. Pour cela, elle s\u2019est f\u00e9licit\u00e9e de l\u2019engagement du gouvernement en particulier du Pr\u00e9sident du Faso, Roch Marc Christian Kabor\u00e9 qui \u00ab travaille malgr\u00e9 l\u2019adversit\u00e9 aussi bien sur le plan s\u00e9curitaire que sur le front social \u00bb.<\/p>\n<p>Christophe Joseph Marie Dabir\u00e9 s\u2019est aussi montr\u00e9 reconnaissant aux efforts sans cesse du pr\u00e9sident du Faso. \u00ab C\u2019est un engagement que le chef de l\u2019Etat a pris et qu\u2019il a tenu \u00bb, a-t-il not\u00e9, ajoutant qu\u2019en d\u00e9pit des difficult\u00e9s, le gouvernement ne rechigne pas \u00e0 la t\u00e2che et tient le bon bout en mati\u00e8re de d\u00e9veloppement. \u00abContrairement \u00e0 ce que beaucoup pensent, aujourd\u2019hui le Burkina Faso est dans un processus de d\u00e9veloppement. Malgr\u00e9 les difficult\u00e9s que nous connaissons, elles n\u2019ont pas ralenti les efforts d\u2019investissement \u00bb, a signifi\u00e9 le chef du gouvernement.<br \/>Du reste, pour engranger davantage de r\u00e9sultats probants en mati\u00e8re de d\u00e9veloppement, le Premier ministre a invit\u00e9 les populations \u00ab \u00e0 rester debout et \u00e0 continuer le combat aux c\u00f4t\u00e9s des autorit\u00e9s \u00bb.<\/p>\n<p>Le maire de Manga, J\u00e9r\u00f4me Rouamba, intervenant au nom des populations b\u00e9n\u00e9ficiaires, a remerci\u00e9 le gouvernement et ses partenaires pour avoir permis que leur \u00ab vieux \u00bb r\u00eave puisse, enfin, devenir une r\u00e9alit\u00e9.<br \/>Au cours de la c\u00e9r\u00e9monie, le Larl\u00e9 Naaba Tigr\u00e9 a offert une ambulance \u00e0 la ville de Manga. Le don est le 13e du genre qu\u2019il r\u00e9alise dans le cadre de sa promesse de doter chacune des 45 provinces d\u2019une ambulance. Le geste \u00e0 l\u2019endroit de Manga porte aussi \u00e0 deux, le nombre d\u2019ambulances qu\u2019il a octroy\u00e9es \u00e0 la r\u00e9gion apr\u00e8s celle de Ti\u00e9b\u00e9l\u00e9 dans la province du Nahouri.<\/p>\n<p class=\"c1\"><strong>Mamady ZANGO<\/strong><br \/><strong>mzango18gmail.com<\/strong><\/p>\n<div class=\"td-a-rec td-a-rec-id-content_bottom tdi_30_33c td_block_template_1\"><img loading=\"lazy\" decoding=\"async\" class=\"aligncenter size-full wp-image-9623\" src=\"https:\/\/www.sidwaya.info\/wp-content\/uploads\/2019\/06\/Projet-bannie%CC%80re-Orange-mobile.jpg\" alt=\"\" width=\"728\" height=\"81\"\/><\/div>\n<p>Auteur: DD. Sidwaya<br \/>\n<a href=\"https:\/\/www.sidwaya.info\/blog\/2019\/12\/02\/centre-hospitalier-regional-du-centre-sud-les-travaux-de-construction-lances\/\">Cliquez ici pour lire l&rsquo;article depuis sa source.<\/a><\/p>\n","protected":false},"excerpt":{"rendered":"<p>Les travaux de construction du centre hospitalier r\u00e9gional du Centre-Sud, sise \u00e0 Nassamba, un quartier p\u00e9riph\u00e9rique de la ville de Manga, ont \u00e9t\u00e9 officiellement lanc\u00e9s, le dimanche 1er d\u00e9cembre 2019 par le Premier ministre, Christophe Joseph Marie Dabir\u00e9. Les populations du Centre-Sud verront, sous peu, leur souhait d\u2019avoir un Centre hospitalier r\u00e9gional (CHR) se r\u00e9aliser. [&hellip;]<\/p>\n","protected":false},"author":1816,"featured_media":0,"comment_status":"closed","ping_status":"closed","sticky":false,"template":"","format":"standard","meta":{"fifu_image_url":"","fifu_image_alt":"","footnotes":""},"categories":[73,81],"tags":[],"class_list":["post-69195","post","type-post","status-publish","format-standard","hentry","category-actualite","category-burkina-faso"],"_links":{"self":[{"href":"https:\/\/linitiative.ca\/International\/wp-json\/wp\/v2\/posts\/69195","targetHints":{"allow":["GET"]}}],"collection":[{"href":"https:\/\/linitiative.ca\/International\/wp-json\/wp\/v2\/posts"}],"about":[{"href":"https:\/\/linitiative.ca\/International\/wp-json\/wp\/v2\/types\/post"}],"author":[{"embeddable":true,"href":"https:\/\/linitiative.ca\/International\/wp-json\/wp\/v2\/users\/1816"}],"replies":[{"embeddable":true,"href":"https:\/\/linitiative.ca\/International\/wp-json\/wp\/v2\/comments?post=69195"}],"version-history":[{"count":0,"href":"https:\/\/linitiative.ca\/International\/wp-json\/wp\/v2\/posts\/69195\/revisions"}],"wp:attachment":[{"href":"https:\/\/linitiative.ca\/International\/wp-json\/wp\/v2\/media?parent=69195"}],"wp:term":[{"taxonomy":"category","embeddable":true,"href":"https:\/\/linitiative.ca\/International\/wp-json\/wp\/v2\/categories?post=69195"},{"taxonomy":"post_tag","embeddable":true,"href":"https:\/\/linitiative.ca\/International\/wp-json\/wp\/v2\/tags?post=69195"}],"curies":[{"name":"wp","href":"https:\/\/api.w.org\/{rel}","templated":true}]}}