{"id":69197,"date":"2019-12-02T15:50:06","date_gmt":"2019-12-02T20:50:06","guid":{"rendered":"https:\/\/linitiative.ca\/International\/syrie-raids-du-regime-bombardements-turcs-30-civils-tues-a-travers-le-pays\/"},"modified":"2019-12-02T15:50:06","modified_gmt":"2019-12-02T20:50:06","slug":"syrie-raids-du-regime-bombardements-turcs-30-civils-tues-a-travers-le-pays","status":"publish","type":"post","link":"https:\/\/linitiative.ca\/International\/syrie-raids-du-regime-bombardements-turcs-30-civils-tues-a-travers-le-pays\/","title":{"rendered":"Syrie: raids du r\u00e9gime, bombardements turcs, 30 civils tu\u00e9s \u00e0 travers le pays"},"content":{"rendered":"<p>Pr\u00e8s de 20 civils sont morts lundi dans des bombardements \u00e0 Idleb, dont 13 lors de frappes du r\u00e9gime sur un march\u00e9 de cette r\u00e9gion syrienne, secou\u00e9e par les plus violents combats avec les rebelles et jihadistes en trois mois de tr\u00eave.<\/p>\n<p>Ailleurs dans le pays, au moins 11 civils, dont huit enfants de moins de 15 ans, ont \u00e9t\u00e9 tu\u00e9s dans des bombardements turcs sur une ville du nord sous contr\u00f4le kurde, d\u2019apr\u00e8s l\u2019Observatoire syrien des droits de l\u2019Homme (OSDH).<\/p>\n<p>Ces drames s\u00e9par\u00e9s illustrent la complexit\u00e9 de la guerre en Syrie qui implique une multitude de groupes arm\u00e9s et de puissances \u00e9trang\u00e8res et a fait plus de 370.000 morts et d\u00e9plac\u00e9 des millions de personnes depuis 2011.<\/p>\n<p>Dans le nord-ouest, 19 civils ont \u00e9t\u00e9 tu\u00e9s dans des raids du r\u00e9gime ou de son alli\u00e9 russe sur la province d\u2019Idleb, domin\u00e9e par les jihadistes, selon l\u2019OSDH.<\/p>\n<p>Les frappes ont notamment vis\u00e9 un march\u00e9 de Maaret al-Noomane, faisant 13 morts, d\u2019apr\u00e8s l\u2019Observatoire.<\/p>\n<p>Devant les rideaux de fer tordus et d\u00e9chiquet\u00e9s des boutiques, des corps ont \u00e9t\u00e9 extirp\u00e9s des d\u00e9combres et transport\u00e9s dans des ambulances, selon un correspondant de l\u2019AFP. Celui d\u2019une femme a \u00e9t\u00e9 sorti d\u2019une camionnette, avant d\u2019\u00eatre mis \u00e0 terre et recouvert de couvertures.<\/p>\n<p>\u2013 \u00ab\u00a0Nos voisins sont morts\u00a0\u00bb \u2013<\/p>\n<p>\u00ab\u00a0On s\u2019est r\u00e9fugi\u00e9s dans nos boutiques, on s\u2019est jet\u00e9s \u00e0 terre\u00a0\u00bb, raconte Maher Mohamed, un vendeur de 35 ans. \u00ab\u00a0L\u2019aviation a bombard\u00e9 la moiti\u00e9 du souk, nos voisins sont morts, sept ou huit d\u2019entre eux.\u00a0\u00bb<\/p>\n<p>Ailleurs dans la province, quatre civils ont \u00e9t\u00e9 tu\u00e9s dans des raids russes, selon l\u2019Observatoire, dont une femme et ses deux enfants qui rendaient visite \u00e0 un proche dans une prison touch\u00e9e par un bombardement, qui a aussi entra\u00een\u00e9 des \u00e9vasions.<\/p>\n<p>La province d\u2019Idleb est domin\u00e9e par les jihadistes du groupe Hayat Tahrir al-Cham (HTS), ex-branche syrienne d\u2019Al-Qa\u00efda. Cette r\u00e9gion, et des secteurs adjacents des provinces d\u2019Alep, Hama et Lattaqui\u00e9, \u00e9chappe toujours dans sa vaste majorit\u00e9 au r\u00e9gime.<\/p>\n<p>Depuis samedi, des combats f\u00e9roces opposent les forces du r\u00e9gime aux factions rebelles et jihadistes dans le sud-est d\u2019Idleb, d\u2019apr\u00e8s l\u2019Observatoire.<\/p>\n<p>Ces derni\u00e8res 48 heures, 54 membres des forces du r\u00e9gime et 47 combattants du camp adverse ont \u00e9t\u00e9 tu\u00e9s, selon l\u2019OSDH. Ces affrontements sont les plus violents depuis l\u2019entr\u00e9e en vigueur fin ao\u00fbt d\u2019un fragile cessez-le-feu d\u00e9voil\u00e9 par Moscou, d\u2019apr\u00e8s l\u2019OSDH.<\/p>\n<p>Entre fin avril et fin ao\u00fbt, Idleb avait \u00e9t\u00e9 pilonn\u00e9e sans r\u00e9pit. L\u2019offensive a tu\u00e9 pr\u00e8s d\u2019un millier de civils, selon l\u2019Observatoire, et d\u00e9plac\u00e9 plus de 400.000 personnes, d\u2019apr\u00e8s l\u2019ONU.<\/p>\n<p>Depuis le d\u00e9but de la tr\u00eave, plus de 180 civils, dont 47 enfants, sont morts dans les bombardements, selon l\u2019OSDH.<\/p>\n<p>\u2013 Bombardements turcs \u2013<\/p>\n<p>Dans la province voisine d\u2019Alep, \u00e0 Tal Rifaat \u2013ville sous contr\u00f4le kurde\u2013, au moins 11 civils, dont huit enfants \u00e2g\u00e9s de moins de 15 ans, ont \u00e9t\u00e9 tu\u00e9s dans des tirs d\u2019artillerie turcs au moment o\u00f9 ils sortaient d\u2019une \u00e9cole, selon l\u2019OSDH.<\/p>\n<p>Une vid\u00e9o de l\u2019agence de presse kurde Anha montre des enfants, certains en pleurs, recevoir des soins dans un h\u00f4pital. Au sol, les morts sont envelopp\u00e9s dans une couverture grise.<\/p>\n<p>La ville accueille des forces du r\u00e9gime et des militaires russes, selon l\u2019Observatoire.<\/p>\n<p>Dans un communiqu\u00e9, le Conseil d\u00e9mocratique syrien, branche politique des forces kurdes, a condamn\u00e9 l\u2019attaque affirmant que \u00ab\u00a0l\u2019objectif est d\u2019intimider et de terroriser les habitants en vue de les d\u00e9placer (\u2026) et de poursuivre le processus de changement d\u00e9mographique\u00a0\u00bb dans la r\u00e9gion.<\/p>\n<p>La Turquie avait lanc\u00e9 le 9 octobre une offensive majeure en Syrie pour \u00e9loigner de sa fronti\u00e8re les combattants kurdes. Pour se prot\u00e9ger, les Kurdes \u2013qui contr\u00f4laient plus du quart du territoire syrien avant l\u2019offensive\u2013 ont amorc\u00e9 un rapprochement avec le r\u00e9gime et la Russie.<\/p>\n<p>Moscou a n\u00e9goci\u00e9 un cessez-le-feu en contrepartie de patrouilles conjointes et du retrait des forces kurdes de la fronti\u00e8re. Mais les affrontements sporadiques se poursuivent.<\/p>\n<p>Dans un incident s\u00e9par\u00e9, trois soldats russes ont \u00e9t\u00e9 bless\u00e9s lundi par un engin explosif au cours d\u2019une patrouille le long de la fronti\u00e8re pr\u00e8s de Koban\u00e9, a annonc\u00e9 Moscou.<\/p>\n<p>Par ailleurs, les troupes russes se sont d\u00e9ploy\u00e9es lundi dans la ville d\u2019Amouda et ses environs, selon l\u2019OSDH. Ce d\u00e9ploiement est pr\u00e9vu par un accord entre kurdes et russes, qui concerne \u00e9galement les villes de Tal Tamr et Ain Issa, avait indiqu\u00e9 dimanche le chef des forces kurdes, Mazloum Abdi.<\/p>\n<p>Des soldats syriens sont d\u00e9j\u00e0 d\u00e9ploy\u00e9s dans ces secteurs depuis octobre.<\/p>\n<p>Lundi, le pr\u00e9sident Bachar al-Assad a re\u00e7u l\u2019envoy\u00e9 sp\u00e9cial russe pour la Syrie, Alexandre Lavrentiev. Ils ont estim\u00e9 que la \u00ab\u00a0stabilit\u00e9\u00a0\u00bb et la \u00ab\u00a0s\u00e9curit\u00e9\u00a0\u00bb des r\u00e9gions sous contr\u00f4le kurde passaient par \u00ab\u00a0un retour du contr\u00f4le de l\u2019Etat\u00a0\u00bb dans ce secteur, selon un communiqu\u00e9 de la pr\u00e9sidence syrienne.<\/p>\n<p>Auteur: AFP<br \/>\n<a href=\"https:\/\/www.journalducameroun.com\/syrie-raids-du-regime-bombardements-turcs-30-civils-tues-a-travers-le-pays\/\">Cliquez ici pour lire l&rsquo;article depuis sa source.<\/a><\/p>\n","protected":false},"excerpt":{"rendered":"<p>Pr\u00e8s de 20 civils sont morts lundi dans des bombardements \u00e0 Idleb, dont 13 lors de frappes du r\u00e9gime sur un march\u00e9 de cette r\u00e9gion syrienne, secou\u00e9e par les plus violents combats avec les rebelles et jihadistes en trois mois de tr\u00eave. Ailleurs dans le pays, au moins 11 civils, dont huit enfants de moins [&hellip;]<\/p>\n","protected":false},"author":1965,"featured_media":0,"comment_status":"closed","ping_status":"closed","sticky":false,"template":"","format":"standard","meta":{"fifu_image_url":"","fifu_image_alt":"","footnotes":""},"categories":[73,82],"tags":[],"class_list":["post-69197","post","type-post","status-publish","format-standard","hentry","category-actualite","category-cameroun"],"_links":{"self":[{"href":"https:\/\/linitiative.ca\/International\/wp-json\/wp\/v2\/posts\/69197","targetHints":{"allow":["GET"]}}],"collection":[{"href":"https:\/\/linitiative.ca\/International\/wp-json\/wp\/v2\/posts"}],"about":[{"href":"https:\/\/linitiative.ca\/International\/wp-json\/wp\/v2\/types\/post"}],"author":[{"embeddable":true,"href":"https:\/\/linitiative.ca\/International\/wp-json\/wp\/v2\/users\/1965"}],"replies":[{"embeddable":true,"href":"https:\/\/linitiative.ca\/International\/wp-json\/wp\/v2\/comments?post=69197"}],"version-history":[{"count":0,"href":"https:\/\/linitiative.ca\/International\/wp-json\/wp\/v2\/posts\/69197\/revisions"}],"wp:attachment":[{"href":"https:\/\/linitiative.ca\/International\/wp-json\/wp\/v2\/media?parent=69197"}],"wp:term":[{"taxonomy":"category","embeddable":true,"href":"https:\/\/linitiative.ca\/International\/wp-json\/wp\/v2\/categories?post=69197"},{"taxonomy":"post_tag","embeddable":true,"href":"https:\/\/linitiative.ca\/International\/wp-json\/wp\/v2\/tags?post=69197"}],"curies":[{"name":"wp","href":"https:\/\/api.w.org\/{rel}","templated":true}]}}