{"id":69198,"date":"2019-12-02T15:50:08","date_gmt":"2019-12-02T20:50:08","guid":{"rendered":"https:\/\/linitiative.ca\/International\/la-france-renonce-a-la-livraison-controversee-de-six-bateaux-a-la-libye\/"},"modified":"2019-12-02T15:50:08","modified_gmt":"2019-12-02T20:50:08","slug":"la-france-renonce-a-la-livraison-controversee-de-six-bateaux-a-la-libye","status":"publish","type":"post","link":"https:\/\/linitiative.ca\/International\/la-france-renonce-a-la-livraison-controversee-de-six-bateaux-a-la-libye\/","title":{"rendered":"La France renonce \u00e0 la livraison controvers\u00e9e de six bateaux \u00e0 la Libye"},"content":{"rendered":"<div readability=\"32\">\n<p>Publi\u00e9 le 02.12.2019 \u00e0 21h50 par AFP<\/p>\n<\/div>\n<div readability=\"158\">\n<p>La France a renonc\u00e9 \u00e0 la livraison controvers\u00e9e de six bateaux \u00e0 la marine libyenne, sur fond d\u2019implication militaire croissante de la Russie dans ce pays englu\u00e9 dans la guerre.<\/p>\n<p>La ministre fran\u00e7aise des Arm\u00e9es Florence Parly avait annonc\u00e9 le don de ces six embarcations rapides, des semi-rigides Sillinger de 12 m\u00e8tres, lors d\u2019une rencontre avec le Premier ministre libyen Fayez al-Sarraj en f\u00e9vrier.<\/p>\n<p>\u00ab\u00a0Si la cession a \u00e9t\u00e9 un temps envisag\u00e9e au b\u00e9n\u00e9fice de la Libye, la ministre a finalement d\u00e9cid\u00e9 de ne pas livrer les embarcations \u00e0 cet Etat\u00a0\u00bb, \u00e9crit le minist\u00e8re des Arm\u00e9es dans un m\u00e9moire du 26 novembre adress\u00e9 \u00e0 la Cour administrative d\u2019appel, dont l\u2019AFP a obtenu copie.<\/p>\n<p>\u00ab\u00a0La situation en Libye ne permet pas de r\u00e9aliser ce don d\u2019embarcations\u00a0\u00bb, a confirm\u00e9 le minist\u00e8re des Arm\u00e9es, sans plus de pr\u00e9cisions.<\/p>\n<p>Depuis la chute en 2011 du r\u00e9gime du dictateur Mouammar Kadhafi apr\u00e8s une r\u00e9volte, ce pays riche en p\u00e9trole est plong\u00e9 dans le chaos avec des luttes de pouvoir et des milices arm\u00e9es qui font la loi.<\/p>\n<p>Le 4 avril, les forces du mar\u00e9chal Khalifa Haftar, l\u2019homme fort de l\u2019Est libyen, ont lanc\u00e9 une offensive pour s\u2019emparer de la capitale Tripoli, si\u00e8ge du Gouvernement d\u2019union nationale (GNA) de Fayez al-Sarraj, reconnu par l\u2019ONU.<\/p>\n<p>\u2013 \u00ab\u00a0Etat de droit\u00a0\u00bb \u2013<\/p>\n<p>La livraison des embarcations devait commencer au printemps, pour aider la marine libyenne \u00e0 \u00ab\u00a0lutter contre l\u2019immigration clandestine\u00a0\u00bb, selon le minist\u00e8re fran\u00e7ais des Arm\u00e9es.<\/p>\n<p>Elle \u00e9tait contest\u00e9e devant la justice par huit ONG internationales, dont Amnesty et M\u00e9decins sans Fronti\u00e8res, qui d\u00e9noncent les violations des droit humains perp\u00e9tr\u00e9es sur les migrants en Libye, notamment par les garde-c\u00f4tes.<\/p>\n<p>Dans son m\u00e9moire o\u00f9 il juge la demande des ONG \u00ab\u00a0mal fond\u00e9e\u00a0\u00bb, le minist\u00e8re des Arm\u00e9es assure que la cession des embarcations avait \u00ab\u00a0pour seul objectif d\u2019accompagner l\u2019Etat libyen dans le processus de consolidation de l\u2019Etat de droit et de reconstruction des capacit\u00e9s militaires de sa marine nationale\u00a0\u00bb.<\/p>\n<p>La France, tr\u00e8s impliqu\u00e9e dans les efforts de paix interlibyens, a tent\u00e9 en vain une m\u00e9diation entre les principaux acteurs du conflit depuis l\u2019\u00e9lection du pr\u00e9sident fran\u00e7ais Emmanuel Macron en 2017. Mais elle est aussi souvent critiqu\u00e9e pour son soutien suppos\u00e9 au mar\u00e9chal Haftar, qu\u2019elle d\u00e9ment formellement.<\/p>\n<p>Emmanuel Macron lui a offert une l\u00e9gitimit\u00e9 internationale en le recevant \u00e0 deux reprises, au c\u00f4t\u00e9 de son rival Fayez al-Sarraj, en 2017 et 2018.<\/p>\n<p>Pour Jalel Harchaoui, chercheur sur la Libye au centre de r\u00e9flexion n\u00e9erlandais Clingendael, plus que le revirement de la France, c\u2019est sa d\u00e9cision initiale de livrer les embarcations aux autorit\u00e9s de Tripoli qui constituait une surprise.<\/p>\n<p>\u00ab\u00a0La France \u00e9tait au d\u00e9part plut\u00f4t oppos\u00e9e \u00e0 ce genre de gestes qui ont pour corollaire de renforcer, consolider le pouvoir politique de certains groupes\u00a0\u00bb dans la capitale, dit-il \u00e0 l\u2019AFP.<\/p>\n<p>\u00ab\u00a0Mais en f\u00e9vrier il y avait cette id\u00e9e que Haftar allait entrer \u00e0 Tripoli sans faire la guerre, \u00e0 travers des arrangements\u00a0\u00bb politiques, souligne-t-il.<\/p>\n<p>\u2013 Mercenaires russes \u2013<\/p>\n<p>Le mar\u00e9chal a depuis lanc\u00e9 son offensive, sans r\u00e9ussir \u00e0 s\u2019emparer de la capitale. Les combats perdurent et les raids se multiplient sur la banlieue de Tripoli. Au moins cinq civils ont encore p\u00e9ri sous les bombes dans la nuit de dimanche \u00e0 lundi.<\/p>\n<p>Des puissances r\u00e9gionales sont accus\u00e9es de mener une guerre par procuration. Les pro-Haftar b\u00e9n\u00e9ficient du soutien discret des Emirats arabes unis et de l\u2019Egypte, et le GNA est soutenu par la Turquie<\/p>\n<p>L\u2019Arm\u00e9e nationale libyenne (ANL) du mar\u00e9chal Haftar est aussi soup\u00e7onn\u00e9e d\u2019avoir re\u00e7u le renfort des mercenaires du groupe russe Wagner, r\u00e9put\u00e9 proche de Vladimir Poutine et dont la pr\u00e9sence a \u00e9t\u00e9 rapport\u00e9e dans plusieurs pays d\u2019Afrique.<\/p>\n<p>\u00ab\u00a0Des forces r\u00e9guli\u00e8res (russes) et du groupe Wagner sont d\u00e9ploy\u00e9es en nombre important au sol en appui de l\u2019ANL\u00a0\u00bb, a d\u00e9clar\u00e9 le secr\u00e9taire d\u2019Etat adjoint am\u00e9ricain pour les Affaires du Proche-Orient, David Schenker, le 26 novembre.<\/p>\n<p>\u00ab\u00a0Et la mani\u00e8re dont cette organisation, et les Russes en particulier, ont agi jusqu\u2019ici laisse craindre des pertes civiles \u00e0 grande \u00e9chelle\u00a0\u00bb, s\u2019est-il inqui\u00e9t\u00e9.<\/p>\n<p>Le quotidien am\u00e9ricain New York Times a fait \u00e9tat d\u00e9but novembre du d\u00e9ploiement de pr\u00e8s de 200 mercenaires russes, ce que Moscou d\u00e9ment.<\/p>\n<p>\u00ab\u00a0La situation a beaucoup chang\u00e9 depuis d\u00e9but septembre. Les Russes ont vraiment fait basculer la dynamique\u00a0\u00bb, estime pour sa part Jalel Harchaoui.<\/p>\n<p>Les combats ont fait plus de 1.000 morts et 120.000 d\u00e9plac\u00e9s depuis avril, selon l\u2019ONU.<\/p>\n<\/div>\n<p>Auteur: AFP<br \/>\n<a href=\"https:\/\/www.journalducameroun.com\/la-france-renonce-a-la-livraison-controversee-de-six-bateaux-a-la-libye\/\">Cliquez ici pour lire l&rsquo;article depuis sa source.<\/a><\/p>\n","protected":false},"excerpt":{"rendered":"<p>Publi\u00e9 le 02.12.2019 \u00e0 21h50 par AFP La France a renonc\u00e9 \u00e0 la livraison controvers\u00e9e de six bateaux \u00e0 la marine libyenne, sur fond d\u2019implication militaire croissante de la Russie dans ce pays englu\u00e9 dans la guerre. La ministre fran\u00e7aise des Arm\u00e9es Florence Parly avait annonc\u00e9 le don de ces six embarcations rapides, des semi-rigides [&hellip;]<\/p>\n","protected":false},"author":1965,"featured_media":0,"comment_status":"closed","ping_status":"closed","sticky":false,"template":"","format":"standard","meta":{"fifu_image_url":"","fifu_image_alt":"","footnotes":""},"categories":[73,82],"tags":[],"class_list":["post-69198","post","type-post","status-publish","format-standard","hentry","category-actualite","category-cameroun"],"_links":{"self":[{"href":"https:\/\/linitiative.ca\/International\/wp-json\/wp\/v2\/posts\/69198","targetHints":{"allow":["GET"]}}],"collection":[{"href":"https:\/\/linitiative.ca\/International\/wp-json\/wp\/v2\/posts"}],"about":[{"href":"https:\/\/linitiative.ca\/International\/wp-json\/wp\/v2\/types\/post"}],"author":[{"embeddable":true,"href":"https:\/\/linitiative.ca\/International\/wp-json\/wp\/v2\/users\/1965"}],"replies":[{"embeddable":true,"href":"https:\/\/linitiative.ca\/International\/wp-json\/wp\/v2\/comments?post=69198"}],"version-history":[{"count":0,"href":"https:\/\/linitiative.ca\/International\/wp-json\/wp\/v2\/posts\/69198\/revisions"}],"wp:attachment":[{"href":"https:\/\/linitiative.ca\/International\/wp-json\/wp\/v2\/media?parent=69198"}],"wp:term":[{"taxonomy":"category","embeddable":true,"href":"https:\/\/linitiative.ca\/International\/wp-json\/wp\/v2\/categories?post=69198"},{"taxonomy":"post_tag","embeddable":true,"href":"https:\/\/linitiative.ca\/International\/wp-json\/wp\/v2\/tags?post=69198"}],"curies":[{"name":"wp","href":"https:\/\/api.w.org\/{rel}","templated":true}]}}