{"id":69199,"date":"2019-12-02T15:50:09","date_gmt":"2019-12-02T20:50:09","guid":{"rendered":"https:\/\/linitiative.ca\/International\/soudan-les-rebelles-demandent-un-delai-pour-un-accord-de-paix-avec-khartoum\/"},"modified":"2019-12-02T15:50:09","modified_gmt":"2019-12-02T20:50:09","slug":"soudan-les-rebelles-demandent-un-delai-pour-un-accord-de-paix-avec-khartoum","status":"publish","type":"post","link":"https:\/\/linitiative.ca\/International\/soudan-les-rebelles-demandent-un-delai-pour-un-accord-de-paix-avec-khartoum\/","title":{"rendered":"Soudan: les rebelles demandent un d\u00e9lai pour un accord de paix avec Khartoum"},"content":{"rendered":"<div readability=\"32\">\n<p>Publi\u00e9 le 02.12.2019 \u00e0 21h50 par AFP<\/p>\n<\/div>\n<div readability=\"96\">\n<p>Un leader des rebelles soudanais a demand\u00e9 lundi un d\u00e9lai de trois mois pour finaliser un accord de paix avec le gouvernement \u00e0 Khartoum, alors que les pourparlers entre les deux parties doivent reprendre la semaine prochaine.<\/p>\n<p>Le chef adjoint de la branche Nord du Mouvement populaire de lib\u00e9ration du Soudan (SPLM-N), Yasser Arman, a \u00e9galement exhort\u00e9 Washington \u00e0 retirer le Soudan de sa liste noire des \u00ab\u00a0Etats soutenant le terrorisme\u00a0\u00bb.<\/p>\n<p>Des pourparlers sont en cours depuis mi-octobre \u00e0 Juba, au Soudan du Sud, entre le nouveau gouvernement de Khartoum et les rebelles qui ont combattu les forces du pr\u00e9sident d\u00e9chu Omar el-B\u00e9chir au Darfour, dans les Etats du Nil Bleu et du Kordofan Sud.<\/p>\n<p>Un nouveau cycle de pourparlers doit d\u00e9buter mardi prochain, et la conclusion d\u2019un accord de paix \u00e9tait esp\u00e9r\u00e9 pour le 14 d\u00e9cembre.<\/p>\n<p>Mais M. Arman a demand\u00e9 un d\u00e9lai de \u00ab\u00a0trois mois, jusqu\u2019au 8 mars\u00a0\u00bb, a-t-il indiqu\u00e9 lundi \u00e0 des journalistes \u00e0 Khartoum.<\/p>\n<p>\u00ab\u00a0Nous esp\u00e9rons que le cycle du 10 d\u00e9cembre sera le dernier et que la paix sera r\u00e9alis\u00e9e\u00a0\u00bb, a-t-il ajout\u00e9, sans donner de raisons sp\u00e9cifiques pour le d\u00e9lai demand\u00e9.<\/p>\n<p>A la suite d\u2019un accord conclu en ao\u00fbt entre l\u2019arm\u00e9e et les meneurs de la contestation qui a entra\u00een\u00e9 la destitution d\u2019Omar el-B\u00e9chir en avril, un Conseil souverain form\u00e9 de civils et de militaires est charg\u00e9 d\u2019assurer la transition vers un r\u00e9gime civil et un nouveau gouvernement a promis de pacifier les r\u00e9gions en conflit.<\/p>\n<p>Les conflits ont fait des centaines de milliers de morts et d\u00e9plac\u00e9 des millions de personnes au Darfour, au Kordofan-Sud et au Nil Bleu.<\/p>\n<p>\u00ab\u00a0Nous soutenons la paix. Nous voulons un projet national et une issue strat\u00e9gique pour les mouvements rebelles arm\u00e9s\u00a0\u00bb, a affirm\u00e9 M. Arman.<\/p>\n<p>\u00ab\u00a0Nous ne voulons pas que notre pays s\u2019effondre. La situation du pays est fragile et n\u00e9cessite une action commune\u00a0\u00bb, a-t-il ajout\u00e9.<\/p>\n<p>Il a par ailleurs appel\u00e9 Washington \u00e0 retirer le Soudan de sa liste noire, assurant qu\u2019apr\u00e8s la dissolution jeudi du Parti du Congr\u00e8s national (NCP) de M. B\u00e9chir par les autorit\u00e9s, \u00ab\u00a0le Soudan n\u2019est plus un Etat qui soutient le terrorisme\u00a0\u00bb.<\/p>\n<p>Les Etats-Unis ont plac\u00e9 le Soudan sur leur liste noire en 1993, l\u2019accusant d\u2019appuyer des groupes extr\u00e9mistes islamistes. Le fondateur d\u2019Al-Qa\u00efda, Oussama Ben Laden, a v\u00e9cu dans ce pays entre 1992 et 1996.<\/p>\n<p>Le Premier ministre Abdallah Hamdok est actuallement aux Etats-Unis o\u00f9 il a pr\u00e9vu de parler de cette question.<\/p>\n<\/div>\n<p>Auteur: AFP<br \/>\n<a href=\"https:\/\/www.journalducameroun.com\/soudan-les-rebelles-demandent-un-delai-pour-un-accord-de-paix-avec-khartoum\/\">Cliquez ici pour lire l&rsquo;article depuis sa source.<\/a><\/p>\n","protected":false},"excerpt":{"rendered":"<p>Publi\u00e9 le 02.12.2019 \u00e0 21h50 par AFP Un leader des rebelles soudanais a demand\u00e9 lundi un d\u00e9lai de trois mois pour finaliser un accord de paix avec le gouvernement \u00e0 Khartoum, alors que les pourparlers entre les deux parties doivent reprendre la semaine prochaine. Le chef adjoint de la branche Nord du Mouvement populaire de [&hellip;]<\/p>\n","protected":false},"author":1965,"featured_media":0,"comment_status":"closed","ping_status":"closed","sticky":false,"template":"","format":"standard","meta":{"fifu_image_url":"","fifu_image_alt":"","footnotes":""},"categories":[73,82],"tags":[],"class_list":["post-69199","post","type-post","status-publish","format-standard","hentry","category-actualite","category-cameroun"],"_links":{"self":[{"href":"https:\/\/linitiative.ca\/International\/wp-json\/wp\/v2\/posts\/69199","targetHints":{"allow":["GET"]}}],"collection":[{"href":"https:\/\/linitiative.ca\/International\/wp-json\/wp\/v2\/posts"}],"about":[{"href":"https:\/\/linitiative.ca\/International\/wp-json\/wp\/v2\/types\/post"}],"author":[{"embeddable":true,"href":"https:\/\/linitiative.ca\/International\/wp-json\/wp\/v2\/users\/1965"}],"replies":[{"embeddable":true,"href":"https:\/\/linitiative.ca\/International\/wp-json\/wp\/v2\/comments?post=69199"}],"version-history":[{"count":0,"href":"https:\/\/linitiative.ca\/International\/wp-json\/wp\/v2\/posts\/69199\/revisions"}],"wp:attachment":[{"href":"https:\/\/linitiative.ca\/International\/wp-json\/wp\/v2\/media?parent=69199"}],"wp:term":[{"taxonomy":"category","embeddable":true,"href":"https:\/\/linitiative.ca\/International\/wp-json\/wp\/v2\/categories?post=69199"},{"taxonomy":"post_tag","embeddable":true,"href":"https:\/\/linitiative.ca\/International\/wp-json\/wp\/v2\/tags?post=69199"}],"curies":[{"name":"wp","href":"https:\/\/api.w.org\/{rel}","templated":true}]}}