{"id":69200,"date":"2019-12-02T16:50:03","date_gmt":"2019-12-02T21:50:03","guid":{"rendered":"https:\/\/linitiative.ca\/International\/ballon-dor-2019-le-palmares-complet\/"},"modified":"2019-12-02T16:50:03","modified_gmt":"2019-12-02T21:50:03","slug":"ballon-dor-2019-le-palmares-complet","status":"publish","type":"post","link":"https:\/\/linitiative.ca\/International\/ballon-dor-2019-le-palmares-complet\/","title":{"rendered":"Ballon d\u2019Or 2019: le palmar\u00e8s complet"},"content":{"rendered":"<div readability=\"32\">\n<p>Publi\u00e9 le 02.12.2019 \u00e0 22h50 par AFP<\/p>\n<\/div>\n<div readability=\"91\">\n<p>Le palmar\u00e8s des quatre troph\u00e9es d\u00e9cern\u00e9s lors de la c\u00e9r\u00e9monie du Ballon d\u2019Or 2019, organis\u00e9e lundi \u00e0 Paris par l\u2019hebdomadaire France Football:<\/p>\n<p>. Ballon d\u2019Or masculin<\/p>\n<p>1. Lionel Messi (ARG\/FC Barcelone) GAGNANT<\/p>\n<p>2. Virgil van Dijk (NED\/Liverpool)<\/p>\n<p>3. Cristiano Ronaldo (POR\/Juventus Turin)<\/p>\n<p>4. Sadio Man\u00e9 (SEN\/Liverpool)<\/p>\n<p>5. Mohamed Salah (EGY\/Liverpool)<\/p>\n<p>6. Kylian Mbapp\u00e9 (FRA\/PSG)<\/p>\n<p>7. Alisson Becker (BRE\/Liverpool)<\/p>\n<p>8. Robert Lewandowski (POL\/Bayern Munich)<\/p>\n<p>9. Bernardo Silva (POR\/Manchester City)<\/p>\n<p>10. Riyad Mahrez (ALG\/Manchester City)<\/p>\n<p>. Ballon d\u2019Or f\u00e9minin<\/p>\n<p>1. Megan Rapinoe (USA\/Reign FC) GAGNANTE<\/p>\n<p>2. Lucy Bronze (ENG\/Lyon)<\/p>\n<p>3. Alex Morgan (USA\/Orlando Pride)<\/p>\n<p>4. Ada Hegerberg (NOR\/Lyon)<\/p>\n<p>5. Viviane Miedema (NED\/Arsenal)<\/p>\n<p>6. Wendie Renard (FRA\/Lyon)<\/p>\n<p>7. Sam Kerr (AUS\/Chicago Red Stars)<\/p>\n<p>8. Rose Lavelle (USA\/Washington Spirit)<\/p>\n<p>9. Ellen White (ENG\/Manchester City)<\/p>\n<p>10. Dzsenifer Marozsan (GER\/Lyon)<\/p>\n<p>.Troph\u00e9e Kopa<\/p>\n<p>(meilleur joueur de l\u2019ann\u00e9e civile \u00e2g\u00e9 de moins de 21 ans au 31 d\u00e9cembre)<\/p>\n<p>1. Matthijs de Ligt (NED\/Ajax Amsterdam puis Juventus Turin) GAGNANT<\/p>\n<p>2. Jadon Sancho (ENG\/Borussia Dortmund)<\/p>\n<p>3. Joao Felix (POR\/Benfica puis Atl\u00e9tico de Madrid)<\/p>\n<p>. Troph\u00e9e Yachine<\/p>\n<p>(meilleur gardien, nouvelle r\u00e9compense)<\/p>\n<p>1. Alisson Becker (BRE\/Liverpool) GAGNANT<\/p>\n<p>2. Marc-Andr\u00e9 ter Stegen (GER\/FC Barcelone)<\/p>\n<p>3. Ederson (BRE\/Manchester City)<\/p>\n<\/div>\n<p>Auteur: AFP<br \/>\n<a href=\"https:\/\/www.journalducameroun.com\/ballon-dor-2019-le-palmares-complet\/\">Cliquez ici pour lire l&rsquo;article depuis sa source.<\/a><\/p>\n","protected":false},"excerpt":{"rendered":"<p>Publi\u00e9 le 02.12.2019 \u00e0 22h50 par AFP Le palmar\u00e8s des quatre troph\u00e9es d\u00e9cern\u00e9s lors de la c\u00e9r\u00e9monie du Ballon d\u2019Or 2019, organis\u00e9e lundi \u00e0 Paris par l\u2019hebdomadaire France Football: . Ballon d\u2019Or masculin 1. Lionel Messi (ARG\/FC Barcelone) GAGNANT 2. Virgil van Dijk (NED\/Liverpool) 3. Cristiano Ronaldo (POR\/Juventus Turin) 4. Sadio Man\u00e9 (SEN\/Liverpool) 5. Mohamed [&hellip;]<\/p>\n","protected":false},"author":1965,"featured_media":0,"comment_status":"closed","ping_status":"closed","sticky":false,"template":"","format":"standard","meta":{"fifu_image_url":"","fifu_image_alt":"","footnotes":""},"categories":[73,82],"tags":[],"class_list":["post-69200","post","type-post","status-publish","format-standard","hentry","category-actualite","category-cameroun"],"_links":{"self":[{"href":"https:\/\/linitiative.ca\/International\/wp-json\/wp\/v2\/posts\/69200","targetHints":{"allow":["GET"]}}],"collection":[{"href":"https:\/\/linitiative.ca\/International\/wp-json\/wp\/v2\/posts"}],"about":[{"href":"https:\/\/linitiative.ca\/International\/wp-json\/wp\/v2\/types\/post"}],"author":[{"embeddable":true,"href":"https:\/\/linitiative.ca\/International\/wp-json\/wp\/v2\/users\/1965"}],"replies":[{"embeddable":true,"href":"https:\/\/linitiative.ca\/International\/wp-json\/wp\/v2\/comments?post=69200"}],"version-history":[{"count":0,"href":"https:\/\/linitiative.ca\/International\/wp-json\/wp\/v2\/posts\/69200\/revisions"}],"wp:attachment":[{"href":"https:\/\/linitiative.ca\/International\/wp-json\/wp\/v2\/media?parent=69200"}],"wp:term":[{"taxonomy":"category","embeddable":true,"href":"https:\/\/linitiative.ca\/International\/wp-json\/wp\/v2\/categories?post=69200"},{"taxonomy":"post_tag","embeddable":true,"href":"https:\/\/linitiative.ca\/International\/wp-json\/wp\/v2\/tags?post=69200"}],"curies":[{"name":"wp","href":"https:\/\/api.w.org\/{rel}","templated":true}]}}