{"id":69201,"date":"2019-12-02T17:18:03","date_gmt":"2019-12-02T22:18:03","guid":{"rendered":"https:\/\/linitiative.ca\/International\/ballon-dor-les-espoirs-decus-de-lafrique\/"},"modified":"2019-12-02T17:18:03","modified_gmt":"2019-12-02T22:18:03","slug":"ballon-dor-les-espoirs-decus-de-lafrique","status":"publish","type":"post","link":"https:\/\/linitiative.ca\/International\/ballon-dor-les-espoirs-decus-de-lafrique\/","title":{"rendered":"Ballon d\u2019Or, les espoirs d\u00e9\u00e7us de l\u2019Afrique"},"content":{"rendered":"<div readability=\"32\">\n<p>Publi\u00e9 le 02.12.2019 \u00e0 23h18 par APA News<\/p>\n<\/div>\n<div readability=\"47\">\n<p>Lionel Messi est d\u00e9sormais seul au monde apr\u00e8s son sixi\u00e8me ballon d\u2019or remport\u00e9 ce lundi \u00e0 Paris. L\u2019Afrique se console avec les quatri\u00e8me et cinqui\u00e8me places de Sadio Man\u00e9 et Mohamed Salah.Annonc\u00e9 parmi les favoris pour le ballon d\u2019or 2019, Sadio Man\u00e9 absent de la c\u00e9r\u00e9monie, se console avec une quatri\u00e8me place. L\u2019international s\u00e9n\u00e9galais devance un autre africain, l\u2019\u00e9gyptien Mohamed Salah, class\u00e9 cinqui\u00e8me cette ann\u00e9e. Un lot de consolation pour l\u2019Afrique qui place deux de ses fils dans le quintet du ballon d\u2019or.<\/p>\n<p>D\u00e9j\u00e0 titr\u00e9 \u00e0 cinq reprises, Lionel Messi est laur\u00e9at pour la sixi\u00e8me fois, s\u2019adjugeant un record historique dans ce troph\u00e9e qui r\u00e9compense le meilleur footballeur de l\u2019ann\u00e9e dans le monde. Il devance au classement le n\u00e9erlandais de Liverpool Virgil Van Djik, et le Portugais de la Juventus Cristiano Ronaldo.<\/p>\n<\/div>\n<p>Auteur: APA News<br \/>\n<a href=\"https:\/\/www.journalducameroun.com\/ballon-dor-les-espoirs-decus-de-lafrique\/\">Cliquez ici pour lire l&rsquo;article depuis sa source.<\/a><\/p>\n","protected":false},"excerpt":{"rendered":"<p>Publi\u00e9 le 02.12.2019 \u00e0 23h18 par APA News Lionel Messi est d\u00e9sormais seul au monde apr\u00e8s son sixi\u00e8me ballon d\u2019or remport\u00e9 ce lundi \u00e0 Paris. L\u2019Afrique se console avec les quatri\u00e8me et cinqui\u00e8me places de Sadio Man\u00e9 et Mohamed Salah.Annonc\u00e9 parmi les favoris pour le ballon d\u2019or 2019, Sadio Man\u00e9 absent de la c\u00e9r\u00e9monie, se [&hellip;]<\/p>\n","protected":false},"author":1965,"featured_media":0,"comment_status":"closed","ping_status":"closed","sticky":false,"template":"","format":"standard","meta":{"fifu_image_url":"","fifu_image_alt":"","footnotes":""},"categories":[73,82],"tags":[],"class_list":["post-69201","post","type-post","status-publish","format-standard","hentry","category-actualite","category-cameroun"],"_links":{"self":[{"href":"https:\/\/linitiative.ca\/International\/wp-json\/wp\/v2\/posts\/69201","targetHints":{"allow":["GET"]}}],"collection":[{"href":"https:\/\/linitiative.ca\/International\/wp-json\/wp\/v2\/posts"}],"about":[{"href":"https:\/\/linitiative.ca\/International\/wp-json\/wp\/v2\/types\/post"}],"author":[{"embeddable":true,"href":"https:\/\/linitiative.ca\/International\/wp-json\/wp\/v2\/users\/1965"}],"replies":[{"embeddable":true,"href":"https:\/\/linitiative.ca\/International\/wp-json\/wp\/v2\/comments?post=69201"}],"version-history":[{"count":0,"href":"https:\/\/linitiative.ca\/International\/wp-json\/wp\/v2\/posts\/69201\/revisions"}],"wp:attachment":[{"href":"https:\/\/linitiative.ca\/International\/wp-json\/wp\/v2\/media?parent=69201"}],"wp:term":[{"taxonomy":"category","embeddable":true,"href":"https:\/\/linitiative.ca\/International\/wp-json\/wp\/v2\/categories?post=69201"},{"taxonomy":"post_tag","embeddable":true,"href":"https:\/\/linitiative.ca\/International\/wp-json\/wp\/v2\/tags?post=69201"}],"curies":[{"name":"wp","href":"https:\/\/api.w.org\/{rel}","templated":true}]}}