{"id":69202,"date":"2019-12-03T09:12:59","date_gmt":"2019-12-03T14:12:59","guid":{"rendered":"https:\/\/linitiative.ca\/International\/salon-annuel-de-recrutement-job-fair-chez-lesith\/"},"modified":"2019-12-03T09:12:59","modified_gmt":"2019-12-03T14:12:59","slug":"salon-annuel-de-recrutement-job-fair-chez-lesith","status":"publish","type":"post","link":"https:\/\/linitiative.ca\/International\/salon-annuel-de-recrutement-job-fair-chez-lesith\/","title":{"rendered":"Salon annuel de recrutement : Job Fair chez l\u2019ESITH"},"content":{"rendered":"<header readability=\"1.31954887218\">\n<div class=\"entry-post-meta\" readability=\"6.47619047619\">\n<div class=\"author-link\">Publi\u00e9 par <a itemprop=\"author\" itemscope=\"\" itemtype=\"https:\/\/schema.org\/Person\" href=\"http:\/\/aujourdhui.ma\/author\/kaid\" rel=\"author\"><span itemprop=\"name\">ALM<\/span><\/a><\/div>\n<p>Date\u00a0:<time content=\"2019-12-03T15:12:59+00:00\" class=\"entry-date updated\" datetime=\"2019-12-03T15:12:59+00:00\">d\u00e9cembre 03, 2019<\/time><\/p>\n<div class=\"entry-cat\">dans:<a href=\"http:\/\/aujourdhui.ma\/category\/emploi\/formation\" rel=\"category tag\">Formation<\/a><\/div>\n<p>0 Vues<\/p>\n<\/div>\n<\/header>\n<div class=\"entry-content clearfix\" readability=\"56\"><img decoding=\"async\" class=\"post_layout_5_img\" src=\"http:\/\/aujourdhui.ma\/wp-content\/uploads\/2016\/02\/1989813646-1-e1459947442535.jpg?x29840\" alt=\"Salon annuel de recrutement : Job Fair chez l\u2019ESITH\"\/><\/p>\n<p><span class=\"c4\"><strong>L\u2019Ecole sup\u00e9rieure des industries du textile et de l\u2019habillement (ESITH) vient d\u2019organiser la 5\u00e8me \u00e9dition de la Job Fair.<\/strong><\/span><span id=\"more-325419\"\/><\/p>\n<p>Ce salon de recrutement repr\u00e9sente le lieu de rencontres entre les entreprises partenaires et les candidats. Pour un stage ou un emploi, l\u2019\u00e9v\u00e9nement vise \u00e0 donner davantage de chances aux laur\u00e9ats de l\u2019\u00e9cole. L\u2019\u00e9dition pr\u00e9c\u00e9dente avait \u00e9t\u00e9 marqu\u00e9e par la participation de 54 entreprises repr\u00e9sentant les employeurs potentiels des laur\u00e9ats de l\u2019ESITH, notamment les secteurs du textile, l\u2019automobile, l\u2019a\u00e9ronautique, les services, et les m\u00e9tiers de la supply chain.<\/p>\n<p>Et pour cr\u00e9er l\u2019\u00e9mulation entre les diff\u00e9rents employeurs, chaque ann\u00e9e, une remise des troph\u00e9es ESITH Employer Awards permet de r\u00e9compenser les meilleurs employeurs des laur\u00e9ats de l\u2019ESITH. Les troph\u00e9es tombent sous trois cat\u00e9gories : Leadership, Trust et Engagement. Fond\u00e9e en 1996 \u00e0 l\u2019issue d\u2019un mod\u00e8le de partenariat public-priv\u00e9, l\u2019ESITH vise \u00e0 former des cadres pour l\u2019industrie et le service. La formation initiale se d\u00e9cline en trois cycles : cycle ing\u00e9nieurs d\u2019Etat (Parcours CPGE), cycle mast\u00e8re sp\u00e9cialis\u00e9, et cycle licence professionnelle. L\u2019ESITH accompagne le secteur industriel par le biais de sa direction relations entreprises et son laboratoire de contr\u00f4les et d\u2019essais. L\u2019\u00e9tablissement dispose \u00e9galement de deux laboratoires de recherche, REMETX pour les projets scientifiques ax\u00e9s sur le textile avanc\u00e9 et le CELOG d\u00e9di\u00e9 \u00e0 la logistique.<\/p>\n<\/div>\n<p>Auteur: ALM<br \/>\n<a href=\"http:\/\/aujourdhui.ma\/emploi\/formation\/salon-annuel-de-recrutement-job-fair-chez-lesith\">Cliquez ici pour lire l&rsquo;article depuis sa source.<\/a><\/p>\n","protected":false},"excerpt":{"rendered":"<p>Publi\u00e9 par ALM Date\u00a0:d\u00e9cembre 03, 2019 dans:Formation 0 Vues L\u2019Ecole sup\u00e9rieure des industries du textile et de l\u2019habillement (ESITH) vient d\u2019organiser la 5\u00e8me \u00e9dition de la Job Fair. Ce salon de recrutement repr\u00e9sente le lieu de rencontres entre les entreprises partenaires et les candidats. Pour un stage ou un emploi, l\u2019\u00e9v\u00e9nement vise \u00e0 donner davantage [&hellip;]<\/p>\n","protected":false},"author":1759,"featured_media":0,"comment_status":"closed","ping_status":"closed","sticky":false,"template":"","format":"standard","meta":{"fifu_image_url":"","fifu_image_alt":"","footnotes":""},"categories":[73,54],"tags":[],"class_list":["post-69202","post","type-post","status-publish","format-standard","hentry","category-actualite","category-maroc"],"_links":{"self":[{"href":"https:\/\/linitiative.ca\/International\/wp-json\/wp\/v2\/posts\/69202","targetHints":{"allow":["GET"]}}],"collection":[{"href":"https:\/\/linitiative.ca\/International\/wp-json\/wp\/v2\/posts"}],"about":[{"href":"https:\/\/linitiative.ca\/International\/wp-json\/wp\/v2\/types\/post"}],"author":[{"embeddable":true,"href":"https:\/\/linitiative.ca\/International\/wp-json\/wp\/v2\/users\/1759"}],"replies":[{"embeddable":true,"href":"https:\/\/linitiative.ca\/International\/wp-json\/wp\/v2\/comments?post=69202"}],"version-history":[{"count":0,"href":"https:\/\/linitiative.ca\/International\/wp-json\/wp\/v2\/posts\/69202\/revisions"}],"wp:attachment":[{"href":"https:\/\/linitiative.ca\/International\/wp-json\/wp\/v2\/media?parent=69202"}],"wp:term":[{"taxonomy":"category","embeddable":true,"href":"https:\/\/linitiative.ca\/International\/wp-json\/wp\/v2\/categories?post=69202"},{"taxonomy":"post_tag","embeddable":true,"href":"https:\/\/linitiative.ca\/International\/wp-json\/wp\/v2\/tags?post=69202"}],"curies":[{"name":"wp","href":"https:\/\/api.w.org\/{rel}","templated":true}]}}