{"id":69203,"date":"2019-12-03T09:16:44","date_gmt":"2019-12-03T14:16:44","guid":{"rendered":"https:\/\/linitiative.ca\/International\/4eme-ifrane-forum-sous-le-signe-de-linnovation\/"},"modified":"2019-12-03T09:16:44","modified_gmt":"2019-12-03T14:16:44","slug":"4eme-ifrane-forum-sous-le-signe-de-linnovation","status":"publish","type":"post","link":"https:\/\/linitiative.ca\/International\/4eme-ifrane-forum-sous-le-signe-de-linnovation\/","title":{"rendered":"4\u00e8me Ifrane Forum : Sous le signe de l\u2019innovation"},"content":{"rendered":"<header readability=\"1.3488372093\">\n<div class=\"entry-post-meta\" readability=\"6.8\">\n<div class=\"author-link\">Publi\u00e9 par <a itemprop=\"author\" itemscope=\"\" itemtype=\"https:\/\/schema.org\/Person\" href=\"http:\/\/aujourdhui.ma\/author\/kaid\" rel=\"author\"><span itemprop=\"name\">ALM<\/span><\/a><\/div>\n<p>Date\u00a0:<time content=\"2019-12-03T15:16:44+00:00\" class=\"entry-date updated\" datetime=\"2019-12-03T15:16:44+00:00\">d\u00e9cembre 03, 2019<\/time><\/p>\n<div class=\"entry-cat\">dans:<a href=\"http:\/\/aujourdhui.ma\/category\/emploi\" rel=\"category tag\">Emploi<\/a><\/div>\n<p>0 Vues<\/p>\n<\/div>\n<\/header>\n<div class=\"entry-content clearfix\" readability=\"50\"><img decoding=\"async\" class=\"post_layout_5_img\" src=\"http:\/\/aujourdhui.ma\/wp-content\/uploads\/2019\/12\/Ifrane-Forum.jpg?x29840\" alt=\"4\u00e8me Ifrane Forum : Sous le signe de l\u2019innovation\"\/><\/p>\n<p><span class=\"c4\"><strong>Une quatri\u00e8me \u00e9dition d\u2019Ifrane Forum se tiendra du 4 au 6 d\u00e9cembre.<\/strong><\/span><\/p>\n<p>Comme \u00e0 l\u2019accoutum\u00e9e, l\u2019\u00e9v\u00e9nement se positionne comme le sommet africain du commerce et de l\u2019investissement et est organis\u00e9 dans les antres de l\u2019Universit\u00e9 Al Akhawayn.<\/p>\n<p>La th\u00e9matique retenue cette ann\u00e9e est \u00abInnover et entreprendre pour transformer l\u2019Afrique\u00bb. Pendant trois jours de conf\u00e9rences et de workshops, les intervenants seront invit\u00e9s \u00e0 mettre en exergue les enjeux de l\u2019entrepreneuriat et de l\u2019innovation au service du d\u00e9veloppement \u00e9conomique de l\u2019Afrique.<\/p>\n<p>\u00abMade In Africa\u00bb sera l\u2019espace o\u00f9 les chefs d\u2019entreprises viendront t\u00e9moigner de leur parcours. Parmi les 200 investisseurs, startuppers, op\u00e9rateurs \u00e9conomiques et d\u00e9cideurs politiques des 25 pays d\u2019Afrique, des success stories sont pr\u00e9vues. Un rendez-vous valorisant l\u2019entrepreneuriat mais aussi la coop\u00e9ration Sud Sud.<\/p>\n<\/div>\n<p>Auteur: ALM<br \/>\n<a href=\"http:\/\/aujourdhui.ma\/emploi\/4eme-ifrane-forum-sous-le-signe-de-linnovation\">Cliquez ici pour lire l&rsquo;article depuis sa source.<\/a><\/p>\n","protected":false},"excerpt":{"rendered":"<p>Publi\u00e9 par ALM Date\u00a0:d\u00e9cembre 03, 2019 dans:Emploi 0 Vues Une quatri\u00e8me \u00e9dition d\u2019Ifrane Forum se tiendra du 4 au 6 d\u00e9cembre. Comme \u00e0 l\u2019accoutum\u00e9e, l\u2019\u00e9v\u00e9nement se positionne comme le sommet africain du commerce et de l\u2019investissement et est organis\u00e9 dans les antres de l\u2019Universit\u00e9 Al Akhawayn. La th\u00e9matique retenue cette ann\u00e9e est \u00abInnover et entreprendre [&hellip;]<\/p>\n","protected":false},"author":1759,"featured_media":0,"comment_status":"closed","ping_status":"closed","sticky":false,"template":"","format":"standard","meta":{"fifu_image_url":"","fifu_image_alt":"","footnotes":""},"categories":[73,54],"tags":[],"class_list":["post-69203","post","type-post","status-publish","format-standard","hentry","category-actualite","category-maroc"],"_links":{"self":[{"href":"https:\/\/linitiative.ca\/International\/wp-json\/wp\/v2\/posts\/69203","targetHints":{"allow":["GET"]}}],"collection":[{"href":"https:\/\/linitiative.ca\/International\/wp-json\/wp\/v2\/posts"}],"about":[{"href":"https:\/\/linitiative.ca\/International\/wp-json\/wp\/v2\/types\/post"}],"author":[{"embeddable":true,"href":"https:\/\/linitiative.ca\/International\/wp-json\/wp\/v2\/users\/1759"}],"replies":[{"embeddable":true,"href":"https:\/\/linitiative.ca\/International\/wp-json\/wp\/v2\/comments?post=69203"}],"version-history":[{"count":0,"href":"https:\/\/linitiative.ca\/International\/wp-json\/wp\/v2\/posts\/69203\/revisions"}],"wp:attachment":[{"href":"https:\/\/linitiative.ca\/International\/wp-json\/wp\/v2\/media?parent=69203"}],"wp:term":[{"taxonomy":"category","embeddable":true,"href":"https:\/\/linitiative.ca\/International\/wp-json\/wp\/v2\/categories?post=69203"},{"taxonomy":"post_tag","embeddable":true,"href":"https:\/\/linitiative.ca\/International\/wp-json\/wp\/v2\/tags?post=69203"}],"curies":[{"name":"wp","href":"https:\/\/api.w.org\/{rel}","templated":true}]}}