{"id":69204,"date":"2019-12-03T09:26:24","date_gmt":"2019-12-03T14:26:24","guid":{"rendered":"https:\/\/linitiative.ca\/International\/casablanca-il-tente-de-se-defendre-mais-il-tue-son-agresseur\/"},"modified":"2019-12-03T09:26:24","modified_gmt":"2019-12-03T14:26:24","slug":"casablanca-il-tente-de-se-defendre-mais-il-tue-son-agresseur","status":"publish","type":"post","link":"https:\/\/linitiative.ca\/International\/casablanca-il-tente-de-se-defendre-mais-il-tue-son-agresseur\/","title":{"rendered":"Casablanca : Il tente de se d\u00e9fendre,  mais il tue son agresseur"},"content":{"rendered":"<header readability=\"1.17073170732\">\n<\/header>\n<div class=\"entry-content clearfix\" readability=\"65\"><img decoding=\"async\" class=\"post_layout_5_img\" src=\"http:\/\/aujourdhui.ma\/wp-content\/uploads\/2016\/02\/Police-Arrestation-Maroc.jpg?x29840\" alt=\"Casablanca : Il tente de se d\u00e9fendre, mais il tue son agresseur\"\/><\/p>\n<p><span class=\"c4\"><strong>Il a essay\u00e9 vainement de le raisonner lui expliquant qu\u2019il est son voisin et qu\u2019il devait au moins respecter ce voisinage. Malheureusement, la victime ne voulait rien entendre.<\/strong><\/span><span id=\"more-325450\"\/><\/p>\n<p>Nous sommes \u00e0 la chambre criminelle pr\u00e8s la Cour d\u2019appel de Casablanca. Au box des accus\u00e9s se tient un jeune homme poursuivi pour coups et blessures ayant entra\u00een\u00e9 la mort sans l\u2019intention de la donner. \u00c2g\u00e9 de vingt-huit ans et employ\u00e9 de son \u00e9tat, il a affirm\u00e9 \u00e0 la Cour qu\u2019il n\u2019avait jamais l\u2019intention de tuer son protagoniste.<\/p>\n<p>Certes, ses voisins l\u2019ont soutenu, assurant qu\u2019il est un jeune homme sans probl\u00e8me, jouissant d\u2019une bonne r\u00e9putation dans son quartier contrairement \u00e0 la victime qui \u00e9tait un repris de justice. Ce dernier \u00e9tait un ivrogne et drogu\u00e9 qui n\u2019h\u00e9sitait pas \u00e0 couper le chemin m\u00eame \u00e0 ses voisins du quartier.<\/p>\n<p>Il agressait tout ce qui trouvait sur son passage. A ce propos, il a purg\u00e9 deux peines d\u2019emprisonnement. Une premi\u00e8re de six mois pour vol simple doubl\u00e9 de coups et blessures. La seconde, d\u2019un an, pour vol qualifi\u00e9 puisqu\u2019il avait commis son crime en compagnie d\u2019un complice. Lib\u00e9r\u00e9, il a repris son activit\u00e9 de malfrat jusqu\u2019au jour o\u00f9 il a tent\u00e9 d\u2019agresser ce mis en cause. Ce dernier a essay\u00e9 vainement de le raisonner lui expliquant qu\u2019il est son voisin et qu\u2019il devait au moins respecter ce voisinage.<\/p>\n<p>Malheureusement, la victime ne voulait rien entendre, il voulait \u00e0 tout prix de quoi acheter sa dose en drogue. Pour se montrer plus persuasif il a brandi un couteau. Hors de lui, le voisin est arriv\u00e9 \u00e0 le lui arracher et lui ass\u00e9ner un coup au niveau de la poitrine qui s\u2019est av\u00e9r\u00e9 fatal.<br \/>Verdict : 10 ans de r\u00e9clusion criminelle.<\/p>\n<\/div>\n<p>Auteur: Abderrafii ALOUMLIKI<br \/>\n<a href=\"http:\/\/aujourdhui.ma\/faits-divers\/casablanca-il-tente-de-se-defendre-mais-il-tue-son-agresseur\">Cliquez ici pour lire l&rsquo;article depuis sa source.<\/a><\/p>\n","protected":false},"excerpt":{"rendered":"<p>Il a essay\u00e9 vainement de le raisonner lui expliquant qu\u2019il est son voisin et qu\u2019il devait au moins respecter ce voisinage. Malheureusement, la victime ne voulait rien entendre. Nous sommes \u00e0 la chambre criminelle pr\u00e8s la Cour d\u2019appel de Casablanca. Au box des accus\u00e9s se tient un jeune homme poursuivi pour coups et blessures ayant [&hellip;]<\/p>\n","protected":false},"author":1759,"featured_media":0,"comment_status":"closed","ping_status":"closed","sticky":false,"template":"","format":"standard","meta":{"fifu_image_url":"","fifu_image_alt":"","footnotes":""},"categories":[73,54],"tags":[],"class_list":["post-69204","post","type-post","status-publish","format-standard","hentry","category-actualite","category-maroc"],"_links":{"self":[{"href":"https:\/\/linitiative.ca\/International\/wp-json\/wp\/v2\/posts\/69204","targetHints":{"allow":["GET"]}}],"collection":[{"href":"https:\/\/linitiative.ca\/International\/wp-json\/wp\/v2\/posts"}],"about":[{"href":"https:\/\/linitiative.ca\/International\/wp-json\/wp\/v2\/types\/post"}],"author":[{"embeddable":true,"href":"https:\/\/linitiative.ca\/International\/wp-json\/wp\/v2\/users\/1759"}],"replies":[{"embeddable":true,"href":"https:\/\/linitiative.ca\/International\/wp-json\/wp\/v2\/comments?post=69204"}],"version-history":[{"count":0,"href":"https:\/\/linitiative.ca\/International\/wp-json\/wp\/v2\/posts\/69204\/revisions"}],"wp:attachment":[{"href":"https:\/\/linitiative.ca\/International\/wp-json\/wp\/v2\/media?parent=69204"}],"wp:term":[{"taxonomy":"category","embeddable":true,"href":"https:\/\/linitiative.ca\/International\/wp-json\/wp\/v2\/categories?post=69204"},{"taxonomy":"post_tag","embeddable":true,"href":"https:\/\/linitiative.ca\/International\/wp-json\/wp\/v2\/tags?post=69204"}],"curies":[{"name":"wp","href":"https:\/\/api.w.org\/{rel}","templated":true}]}}