{"id":69206,"date":"2019-12-03T09:40:54","date_gmt":"2019-12-03T14:40:54","guid":{"rendered":"https:\/\/linitiative.ca\/International\/tanger-les-chauffeurs-de-taxis-interurbains-en-colere\/"},"modified":"2019-12-03T09:40:54","modified_gmt":"2019-12-03T14:40:54","slug":"tanger-les-chauffeurs-de-taxis-interurbains-en-colere","status":"publish","type":"post","link":"https:\/\/linitiative.ca\/International\/tanger-les-chauffeurs-de-taxis-interurbains-en-colere\/","title":{"rendered":"Tanger\u00a0: Les chauffeurs de taxis interurbains en col\u00e8re"},"content":{"rendered":"<p><img decoding=\"async\" class=\"post_layout_5_img\" src=\"http:\/\/aujourdhui.ma\/wp-content\/uploads\/2019\/12\/Tanger-Taxi.jpg?x29840\" alt=\"Tanger\u00a0: Les chauffeurs de taxis interurbains en col\u00e8re\"\/><\/p>\n<p><span class=\"c4\"><strong>Une nouvelle mesure leur interdit la circulation au centre-ville<\/strong><\/span><span id=\"more-325403\"\/><\/p>\n<p>Les professionnels du transport interurbain par taxis premi\u00e8re cat\u00e9gorie viennent d\u2019observer, vendredi 29 novembre, un sit-in devant le si\u00e8ge de la wilaya \u00e0 Tanger. Ils protestent contre la nouvelle mesure qui leur interdit la circulation au centre-ville. \u00abNous nous mobilisons encore davantage et plus particuli\u00e8rement avec les chauffeurs de grands taxis des deux lignes au d\u00e9part d\u2019Asilah et T\u00e9touan \u00e0 destination de Tanger. Car ils sont plus touch\u00e9s par cette nouvelle mesure que nous consid\u00e9rons injuste pour eux. Leur interdiction de se d\u00e9placer jusqu\u2019au centre-ville nous rappelle d\u2019autres plus anciennes remontant \u00e0 l\u2019\u00e9poque o\u00f9 Tanger \u00e9tait sous statut international.<\/p>\n<p>Et pendant laquelle \u00e0 titre d\u2019exemple, les habitants d\u2019Asilah et de T\u00e9touan \u00e9taient autoris\u00e9s \u00e0 entrer en ville, mais ils ne pouvaient pas avoir acc\u00e8s \u00e0 certaines parties du territoire urbain\u00bb, a affirm\u00e9 le secr\u00e9taire local de l\u2019Union g\u00e9n\u00e9rale des travailleurs marocains (UGTM) des chauffeurs de taxis premi\u00e8re cat\u00e9gorie \u00e0 Tanger, Ibrahim El Hayat. Les protestataires ont fait part, au cours de ce sit-in de 2h30 mn, qu\u2019ils ont toujours appel\u00e9 \u00e0 l\u2019organisation et la professionnalisation du secteur pour accompagner le grand dynamisme que conna\u00eet Tanger, et ce \u00e0 travers les grands projets structurants r\u00e9alis\u00e9s dans le cadre du programme Tanger-M\u00e9tropole. Parmi lesquels, \u00abla nouvelle gare routi\u00e8re de Tanger dont nous, professionnels d\u2019Asilah, sommes conscients de son importance avec tous ses \u00e9quipements ultramodernes.<\/p>\n<p>Nous consid\u00e9rons Alsa comme notre partenaire, dont l\u2019entr\u00e9e en service des bus interurbains Tanger-Asilah a cr\u00e9\u00e9 un certain dynamisme sur notre ligne. Nous avons pens\u00e9 que tous ces projets joueraient en faveur de l\u2019\u00e9volution de notre secteur. Mais nous sommes surpris de cette nouvelle mesure qui nous impose un court circuit urbain, s\u2019achevant \u00e0 la nouvelle gare routi\u00e8re\u00bb, a dit Abdelhafid Hourma, secr\u00e9taire local UGTM des chauffeurs de grands taxis \u00e0 Asilah.<br \/>Les chauffeurs de taxis d\u2019Asilah disent qu\u2019ils sont, depuis l\u2019entr\u00e9e en vigueur de cette nouvelle mesure, quasiment au ch\u00f4mage. \u00abBeaucoup de nos passagers za\u00eflachis nous demandent de les ramener au centre-ville. Ils viennent g\u00e9n\u00e9ralement \u00e0 Tanger pour travailler, voir le m\u00e9decin, r\u00e9gler quelques affaires administratives ou consulaires,\u2026 Nous comptons \u00e9galement parmi nos clients des familles \u00e9trang\u00e8res r\u00e9sidant \u00e0 Asilah et des touristes de passage que nous avons l\u2019habitude de ramener \u00e0 Achakar, la Marina ou d\u2019autres sites historiques et touristiques de la ville.<\/p>\n<p>Nous sommes fiers d\u2019avoir r\u00e9ussi \u00e0 gagner la confiance de nos clients, mais nous nous sentons en m\u00eame temps g\u00ean\u00e9s de ne de pas pouvoir les emmener d\u00e9sormais aux endroits de leur choix\u00bb, a dit M. Hourma, avant d\u2019ajouter que \u00abnous r\u00e9clamons l\u2019ouverture d\u2019un dialogue avec les autorit\u00e9s pour trouver une issue \u00e0 cette crise, qui affecte aussi bien les professionnels de taxis que les simples citoyens\u00bb.<\/p>\n<p>A l\u2019instar des chauffeurs de taxis interurbains d\u2019Asilah, ceux de T\u00e9touan disent qu\u2019ils ont perdu bon nombre de leurs clients en faveur de d\u00e9veloppement du transport clandestin, qui constitue encore davantage une concurrence d\u00e9loyale \u00e0 leur encontre. Ils r\u00e9clament ainsi une station secondaire (sur la route nationale reliant Tanger \u00e0 T\u00e9touan) leur permettant de regagner la confiance de leur client\u00e8le et de les fid\u00e9liser comme c\u2019\u00e9tait le cas avant.<br \/>Il est \u00e0 noter qu\u2019\u00e0 l\u2019issue de ce mouvement de contestation, les autorit\u00e9s ont promis d\u2019ouvrir, \u00e0 partir de lundi, un dialogue avec les professionnels pour pouvoir discuter ensemble de diff\u00e9rents points relatifs \u00e0 ce dossier.<\/p>\n<p>Auteur: Najat Fa\u00efssal<br \/>\n<a href=\"http:\/\/aujourdhui.ma\/societe\/tanger-les-chauffeurs-de-taxis-interurbains-en-colere\">Cliquez ici pour lire l&rsquo;article depuis sa source.<\/a><\/p>\n","protected":false},"excerpt":{"rendered":"<p>Une nouvelle mesure leur interdit la circulation au centre-ville Les professionnels du transport interurbain par taxis premi\u00e8re cat\u00e9gorie viennent d\u2019observer, vendredi 29 novembre, un sit-in devant le si\u00e8ge de la wilaya \u00e0 Tanger. Ils protestent contre la nouvelle mesure qui leur interdit la circulation au centre-ville. \u00abNous nous mobilisons encore davantage et plus particuli\u00e8rement avec [&hellip;]<\/p>\n","protected":false},"author":1759,"featured_media":0,"comment_status":"closed","ping_status":"closed","sticky":false,"template":"","format":"standard","meta":{"fifu_image_url":"","fifu_image_alt":"","footnotes":""},"categories":[73,54],"tags":[],"class_list":["post-69206","post","type-post","status-publish","format-standard","hentry","category-actualite","category-maroc"],"_links":{"self":[{"href":"https:\/\/linitiative.ca\/International\/wp-json\/wp\/v2\/posts\/69206","targetHints":{"allow":["GET"]}}],"collection":[{"href":"https:\/\/linitiative.ca\/International\/wp-json\/wp\/v2\/posts"}],"about":[{"href":"https:\/\/linitiative.ca\/International\/wp-json\/wp\/v2\/types\/post"}],"author":[{"embeddable":true,"href":"https:\/\/linitiative.ca\/International\/wp-json\/wp\/v2\/users\/1759"}],"replies":[{"embeddable":true,"href":"https:\/\/linitiative.ca\/International\/wp-json\/wp\/v2\/comments?post=69206"}],"version-history":[{"count":0,"href":"https:\/\/linitiative.ca\/International\/wp-json\/wp\/v2\/posts\/69206\/revisions"}],"wp:attachment":[{"href":"https:\/\/linitiative.ca\/International\/wp-json\/wp\/v2\/media?parent=69206"}],"wp:term":[{"taxonomy":"category","embeddable":true,"href":"https:\/\/linitiative.ca\/International\/wp-json\/wp\/v2\/categories?post=69206"},{"taxonomy":"post_tag","embeddable":true,"href":"https:\/\/linitiative.ca\/International\/wp-json\/wp\/v2\/tags?post=69206"}],"curies":[{"name":"wp","href":"https:\/\/api.w.org\/{rel}","templated":true}]}}