{"id":69207,"date":"2019-12-03T05:09:18","date_gmt":"2019-12-03T10:09:18","guid":{"rendered":"https:\/\/linitiative.ca\/International\/bertrand-tavernier-un-monstre-sacre-honore\/"},"modified":"2019-12-03T05:09:18","modified_gmt":"2019-12-03T10:09:18","slug":"bertrand-tavernier-un-monstre-sacre-honore","status":"publish","type":"post","link":"https:\/\/linitiative.ca\/International\/bertrand-tavernier-un-monstre-sacre-honore\/","title":{"rendered":"Bertrand Tavernier, un monstre sacr\u00e9 honor\u00e9"},"content":{"rendered":"<p class=\"has-text-color has-vivid-cyan-blue-color\"><strong>Le 18<\/strong><sup><strong>\u00e8me<\/strong><\/sup><strong>FIFM a rendu dimanche 1<\/strong><sup><strong>er<\/strong><\/sup><strong>d\u00e9cembre un bel hommage \u00e0 l\u2019un des monstres sacr\u00e9s du cin\u00e9ma mondial, Bertrand Tavernier. Figure embl\u00e9matique du cin\u00e9ma fran\u00e7ais, Bertrand a re\u00e7u le troph\u00e9e prestigieux du festival en signe de reconnaissance et gratitude pour son parcours de r\u00e9alisateur et de cin\u00e9aste.<\/strong><\/p>\n<p>En effet, quelques instants avant le d\u00e9marrage de la c\u00e9r\u00e9monie, les invit\u00e9s du festival, et comme le veut la tradition, se sont succ\u00e9d\u00e9s sur le tapis rouge. Ensuite, le mot final a suscit\u00e9 de fortes \u00e9motions. Tr\u00e8s \u00e9mu sur sc\u00e8ne, le r\u00e9alisateur a exprim\u00e9 sa joie en recevant cet hommage de la part du FIFM. C\u2019est lui d\u2019ailleurs qui a ouvert le bal des hommages de cette 18<sup>e<\/sup> \u00e9dition.<\/p>\n<p>\u00abJe voudrais partager cet hommage avec les acteurs et les r\u00e9alisateurs marocains \u00a0ainsi que tous les spectateurs qui viennent regarder les films dans les salles. Je tiens \u00e0 saluer \u00e9galement les ateliers de l\u2019Atlas\u00bb, a-t-il d\u00e9clar\u00e9. Engag\u00e9 contre l\u2019injustice et les in\u00e9galit\u00e9s du monde,\u00a0 Bertrand Tavernier, qui est aussi un grand amoureux du cin\u00e9ma et des arts, a soulign\u00e9 lors de cette c\u00e9r\u00e9monie que le 7<sup>\u00e8me<\/sup>\u00a0 a cette capacit\u00e9 de capter le monde et d\u2019ouvrir de nouvelles perspectives et fen\u00eatres.<\/p>\n<p>Le FIFM, a-t-il ajout\u00e9, \u00a0permet d\u2019ouvrir des fen\u00eatres sur le monde, montrer les films \u00a0de tous les pays, des films qui nous \u00e9clairent. R\u00e9alisateur de plusieurs films dont \u00abQue la f\u00eate commence\u00bb, \u00able Juge et l\u2019assassin\u00bb, \u00abla mort en direct\u00bb, \u00abla princesse de Montpensier\u00bb, \u00abQuai d\u2019Orsay\u00bb, des extraits de ces \u0153uvres cin\u00e9matographiques ont \u00e9t\u00e9 projet\u00e9s \u00e0 l\u2019occasion. Un parcours riche, une \u0153uvre immense et un hommage m\u00e9rit\u00e9 dans la ville ocre.<\/p>\n<p class=\"c2\"><strong>Mohamed Nait Youssef<\/strong><\/p>\n<p>Auteur: M&rsquo;hammed rahal<br \/>\n<a href=\"http:\/\/albayane.press.ma\/bertrand-tavernier-un-monstre-sacre-honore.html\">Cliquez ici pour lire l&rsquo;article depuis sa source.<\/a><\/p>\n","protected":false},"excerpt":{"rendered":"<p>Le 18\u00e8meFIFM a rendu dimanche 1erd\u00e9cembre un bel hommage \u00e0 l\u2019un des monstres sacr\u00e9s du cin\u00e9ma mondial, Bertrand Tavernier. Figure embl\u00e9matique du cin\u00e9ma fran\u00e7ais, Bertrand a re\u00e7u le troph\u00e9e prestigieux du festival en signe de reconnaissance et gratitude pour son parcours de r\u00e9alisateur et de cin\u00e9aste. En effet, quelques instants avant le d\u00e9marrage de la [&hellip;]<\/p>\n","protected":false},"author":1760,"featured_media":0,"comment_status":"closed","ping_status":"closed","sticky":false,"template":"","format":"standard","meta":{"fifu_image_url":"","fifu_image_alt":"","footnotes":""},"categories":[73,54],"tags":[],"class_list":["post-69207","post","type-post","status-publish","format-standard","hentry","category-actualite","category-maroc"],"_links":{"self":[{"href":"https:\/\/linitiative.ca\/International\/wp-json\/wp\/v2\/posts\/69207","targetHints":{"allow":["GET"]}}],"collection":[{"href":"https:\/\/linitiative.ca\/International\/wp-json\/wp\/v2\/posts"}],"about":[{"href":"https:\/\/linitiative.ca\/International\/wp-json\/wp\/v2\/types\/post"}],"author":[{"embeddable":true,"href":"https:\/\/linitiative.ca\/International\/wp-json\/wp\/v2\/users\/1760"}],"replies":[{"embeddable":true,"href":"https:\/\/linitiative.ca\/International\/wp-json\/wp\/v2\/comments?post=69207"}],"version-history":[{"count":0,"href":"https:\/\/linitiative.ca\/International\/wp-json\/wp\/v2\/posts\/69207\/revisions"}],"wp:attachment":[{"href":"https:\/\/linitiative.ca\/International\/wp-json\/wp\/v2\/media?parent=69207"}],"wp:term":[{"taxonomy":"category","embeddable":true,"href":"https:\/\/linitiative.ca\/International\/wp-json\/wp\/v2\/categories?post=69207"},{"taxonomy":"post_tag","embeddable":true,"href":"https:\/\/linitiative.ca\/International\/wp-json\/wp\/v2\/tags?post=69207"}],"curies":[{"name":"wp","href":"https:\/\/api.w.org\/{rel}","templated":true}]}}