{"id":69208,"date":"2019-12-03T05:32:00","date_gmt":"2019-12-03T10:32:00","guid":{"rendered":"https:\/\/linitiative.ca\/International\/le-pps-au-parlement-et-le-plf-2020\/"},"modified":"2019-12-03T05:32:00","modified_gmt":"2019-12-03T10:32:00","slug":"le-pps-au-parlement-et-le-plf-2020","status":"publish","type":"post","link":"https:\/\/linitiative.ca\/International\/le-pps-au-parlement-et-le-plf-2020\/","title":{"rendered":"Le PPS au Parlement et le PLF 2020"},"content":{"rendered":"<p class=\"has-text-color has-vivid-red-color c2\"><strong>Fatima Zahra Barassat : D\u00e9mocratie et DH: \u00abacc\u00e9l\u00e9rer l\u2019ex\u00e9cution du plan d\u2019action national\u00bb<\/strong><\/p>\n<div class=\"wp-block-image\"><img decoding=\"async\" src=\"http:\/\/albayane.press.ma\/wp-content\/uploads\/Barassat-1.jpg\" alt=\"\" class=\"wp-image-73417\"\/><\/div>\n<p class=\"c3\"><strong>Par\u00a0: M\u2019Barek Tafsi<\/strong><\/p>\n<p class=\"has-text-color has-vivid-cyan-blue-color\"><strong>Dans le but de consolider l\u2019option d\u00e9mocratique et le respect des droits de l\u2019homme dans le pays, tels que pr\u00e9vus dans la constitution de 2011, il est n\u00e9cessaire pour le gouvernement d\u2019acc\u00e9l\u00e9rer l\u2019ex\u00e9cution du plan d\u2019action national en mati\u00e8re de d\u00e9mocratie et des droits de l\u2019Homme (PANDDH) au niveau de tous les secteurs, estime la d\u00e9put\u00e9e Fatima Zahra Barassat, membre du Groupement parlementaire du progr\u00e8s et du socialisme \u00e0 la Chambre des Repr\u00e9sentants.<\/strong><\/p>\n<p>Dans une intervention, pr\u00e9sent\u00e9e lors de la s\u00e9ance pl\u00e9ni\u00e8re du 14 novembre, consacr\u00e9e \u00e0 l\u2019examen du projet de loi de finances 2020, la d\u00e9put\u00e9e a soulign\u00e9 la relation dialectique entre d\u00e9mocratie et droits de l\u2019homme, faisant remarquer qu\u2019il est inconcevable d\u2019\u00e9difier un Maroc d\u00e9mocratique sans mise en \u0153uvre du PANDDH, qui vise \u00e0 consolider le processus des r\u00e9formes politiques, \u00e0 institutionnaliser la protection et la promotion des droits de l\u2019Homme et \u00e0 encourager les initiatives contribuant \u00e0 l\u2019\u00e9mergence d\u2019une d\u00e9mocratie participative.<\/p>\n<p><strong>De la s\u00e9paration des pouvoirs\u2026<\/strong><\/p>\n<p>Parall\u00e8lement \u00e0 cette action, il est \u00e9galement n\u00e9cessaire de mener \u00e0 son terme le chantier ambitieux de la s\u00e9paration des pouvoirs et en particulier de l\u2019ind\u00e9pendance du pouvoir judiciaire, condition sine qua non pour la consolidation de l\u2019Etat de Droit et de la l\u00e9galit\u00e9.<\/p>\n<p>Elle s\u2019est \u00e9galement arr\u00eat\u00e9e sur le principe de l\u2019\u00e9galit\u00e9 homme-femme, qui a \u00e9t\u00e9 consacr\u00e9 par la Constitution de 2011, qui a \u00e9galement accord\u00e9 \u00e0 la parit\u00e9 tout l\u2019int\u00e9r\u00eat qu\u2019elle m\u00e9rite.<\/p>\n<p>Tout en soulignant l\u2019importance des acquis r\u00e9alis\u00e9s dans ce domaine, elle a fait \u00e9tat des d\u00e9faillances et des manquements dont souffre le principe de\u00a0\u00a0l\u2019\u00e9galit\u00e9 des chances entre l\u2019homme et la femme en mati\u00e8re d\u2019enseignement, d\u2019emploi, de sant\u00e9 ainsi qu\u2019au niveau politique et \u00e9conomique. Les centres de d\u00e9cision continuent toujours d\u2019\u00eatre le monopole des hommes \u00e0 l\u2019exclusion des femmes, dont la participation est indispensable pour booster le d\u00e9veloppement du pays, estime-t-elle.<\/p>\n<p class=\"c2\"><strong>***<\/strong><\/p>\n<p class=\"has-text-color has-vivid-red-color c2\"><strong>RACHID HAMMOUNI: Ecole Publique\u00a0: un r\u00f4le central dans la r\u00e9ussite de toute r\u00e9forme<\/strong><\/p>\n<div class=\"wp-block-image\"><img decoding=\"async\" src=\"http:\/\/albayane.press.ma\/wp-content\/uploads\/Rachid-Hammouni.jpg\" alt=\"\" class=\"wp-image-65764\"\/><\/div>\n<p>Intervenant lors de la s\u00e9ance pl\u00e9ni\u00e8re, consacr\u00e9e le 14 novembre courant \u00e0 l\u2019examen de la deuxi\u00e8me partie du projet de loi de finances 2020, le d\u00e9put\u00e9 Rachid Hammouni, membre du Groupement parlementaire du progr\u00e8s et du socialisme \u00e0 la Chambre des Repr\u00e9sentants, a rappel\u00e9 que le dernier remaniement gouvernemental a eu lieu conform\u00e9ment aux hautes orientations royales.<\/p>\n<p>Mais qu\u2019est ce qui emp\u00eache le chef du gouvernement d\u2019expliquer \u00e0 l\u2019opinion publique les objectifs de cette op\u00e9ration, s\u2019est-il interrog\u00e9, sachant que, au terme de ce remaniement, des personnes ont \u00e9t\u00e9 remplac\u00e9es par d\u2019autres et des d\u00e9partements minist\u00e9riels ont \u00e9t\u00e9 regroup\u00e9s.<\/p>\n<p>Quant aux secr\u00e9tariats d\u2019Etat, qui coutaient cher \u00e0 l\u2019Etat en personnel et en deniers publics, ils ont \u00e9t\u00e9 tout simplement supprim\u00e9s, a-t-il rappel\u00e9 estimant qu\u2019il est du devoir du chef du gouvernement de pr\u00e9senter des excuses aux Marocains pour les pertes caus\u00e9es par les anciens secr\u00e9tariats d\u2019Etat. Surtout que le projet de loi de finances 2020 a repris, apr\u00e8s de simples modifications, les anciens budgets sectoriels de 2019.<\/p>\n<p>Par ailleurs, le d\u00e9put\u00e9 a estim\u00e9 que sans augmentation des salaires des enseignants, du personnel de la sant\u00e9, de la jeunesse et des sports et de la culture, il est impensable de r\u00e9ussir la r\u00e9alisation de toute r\u00e9forme et de mise en \u0153uvre de toute loi organique et de toute politique publique pour redresser la situation.<\/p>\n<p>Compte tenu de la mission d\u2019\u00e9ducation des g\u00e9n\u00e9rations montantes dont il est investi, l\u2019enseignant m\u00e9rite, selon lui, de percevoir le salaire le plus \u00e9lev\u00e9 parmi les fonctionnaires de l\u2019Etat. C\u2019est l\u2019enseignant qui contribue \u00e0 la formation de l\u2019ing\u00e9nieur, du m\u00e9decin, de l\u2019architecte et d\u2019autres, a-t-il rappel\u00e9.<\/p>\n<p>Et encore une fois, l\u2019on insiste au sein du groupement du PPS au sein de cette chambre, sur le r\u00f4le central de l\u2019ECOLE PUBLIQUE dans la r\u00e9ussite de toute r\u00e9forme du secteur de l\u2019\u00e9ducation et de la formation, a-t-il martel\u00e9.<\/p>\n<p>C\u2019est pourquoi, les parlementaires du PPS condamnent fermement toutes les tentatives de d\u00e9valoriser le r\u00f4le de l\u2019ECOLE PUBLIQUE \u00e0 travers des discours, selon lesquels les cr\u00e9dits allou\u00e9s au secteur seraient improductifs.<\/p>\n<p class=\"c2\">***<\/p>\n<p class=\"has-text-color has-vivid-red-color c2\"><strong>Benchekroun: L\u2019homme doit \u00eatre au centre de l\u2019\u0153uvre du d\u00e9veloppement du pays<\/strong><\/p>\n<div class=\"wp-block-image\"><img decoding=\"async\" src=\"http:\/\/albayane.press.ma\/wp-content\/uploads\/Karimi.jpg\" alt=\"\" class=\"wp-image-60512\"\/><\/div>\n<p>Le d\u00e9put\u00e9 Krimi Jamal Benchekroun a soulign\u00e9 dans une intervention pr\u00e9sent\u00e9e, au nom du Groupement parlementaire du progr\u00e8s et du socialisme \u00e0 la Chambre des repr\u00e9sentants, lors de la s\u00e9ance pl\u00e9ni\u00e8re consacr\u00e9e \u00e0 l\u2019examen et l\u2019adoption de la premi\u00e8re partie du projet de loi de finances 2020, que toute \u0153uvre de d\u00e9veloppement n\u2019a de valeur et de signification que par rapport \u00e0 l\u2019int\u00e9r\u00eat qu\u2019elle porte \u00e0 l\u2019homme, qui doit \u00eatre au centre de ses pr\u00e9occupations.<\/p>\n<p>Pour ce faire, le mod\u00e8le de d\u00e9veloppement en cours d\u2019\u00e9laboration se doit de se fixer pour objectifs l\u2019\u00e9dification d\u2019une \u00e9conomie forte et dot\u00e9e des capacit\u00e9s n\u00e9cessaires au renforcement du syst\u00e8me de production et de promotion de la justice sociale et spatiale, a-t-il estim\u00e9.<\/p>\n<p>Selon lui, toutes les strat\u00e9gies et plans sectoriels de d\u00e9veloppement (plan Maroc vert et strat\u00e9gie d\u2019acc\u00e9l\u00e9ration industrielle) en vigueur dans le pays n\u2019ont pas atteint leurs objectifs. En d\u00e9pit de tous les efforts d\u00e9ploy\u00e9s et de tous les grands moyens mobilis\u00e9s, ces plans n\u2019ont pas abouti \u00e0 une croissance \u00e9conomique durable.<\/p>\n<p>Ces strat\u00e9gies sectorielles sont confront\u00e9es \u00e0 la faiblesse de leur gouvernance et de leur convergence et se sont av\u00e9r\u00e9es \u00eatre incapables d\u2019aboutir \u00e0 une croissance \u00e9conomique durable. Elles n\u2019ont pas rompu avec les pratiques contraires \u00e0 la concurrence loyale et \u00e0 l\u2019\u00e9galit\u00e9 des chances. Elles n\u2019ont pas permis d\u2019intensifier la lutte contre la politique des privil\u00e8ges, des monopoles, de l\u2019\u00e9conomie de rente et des ententes illicites. Elles sont loin de permettre d\u2019int\u00e9grer le secteur informel ou de proc\u00e9der \u00e0 la r\u00e9forme administrative souhait\u00e9e pour valoriser les ressources humaines et les capacit\u00e9s du pays.<\/p>\n<p>Pour redresser la situation, le Parti du progr\u00e8s et du socialisme propose, a-t-il dit, un mod\u00e8le de d\u00e9veloppement selon lequel l\u2019homme doit \u00eatre au c\u0153ur de toute \u0153uvre de d\u00e9veloppement en conciliant entre performance \u00e9conomique et justice sociale et spatiale. Ce mod\u00e8le doit \u00eatre en mesure d\u2019assurer au pays des taux de croissance durables plus forts pour le faire sortir de sa situation et lui permettre de se positionner parmi les \u00e9conomies \u00e9mergentes.<\/p>\n<p><strong>Promouvoir la culture et la communication pour lutter contre le fanatisme<\/strong><\/p>\n<p>Interrog\u00e9 \u00e0 l\u2019issue de ses interventions dans le d\u00e9bat en commission au sujet des budgets sectoriels de la culture et de la communication, le d\u00e9put\u00e9 Krimi Jamal Benchekroun, membre du Groupement parlementaire du progr\u00e8s et du socialisme \u00e0 la Chambre des repr\u00e9sentants, a fait \u00e9tat de la modestie des cr\u00e9dits allou\u00e9s aux deux secteurs dont l\u2019interd\u00e9pendance et la convergence n\u2019\u00e9chappent \u00e0 personne.<\/p>\n<p>Les cr\u00e9dits allou\u00e9s aux deux secteurs sont insuffisants pour r\u00e9pondre aux besoins \u00e9normes du secteur de la culture en infrastructures de base et en centres culturels \u00e0 travers tout le pays, a-t-il dit, appelant \u00e0 d\u00e9velopper les industries de la culture pour en faire une source de production de la valeur ajout\u00e9e et de la cr\u00e9ation de l\u2019emploi.<\/p>\n<p>Il a d\u00e9plor\u00e9 dans ce cadre le peu d\u2019int\u00e9r\u00eat accord\u00e9 \u00e0 la culture amazighe et la faiblesse des moyens mis \u00e0 la disposition de la chaine de t\u00e9l\u00e9vision amazighe dont le personnel est confront\u00e9 \u00e0 des probl\u00e8mes de tout genre.<\/p>\n<p>Il a fait remarquer avec regret que malgr\u00e9 l\u2019adoption des lois organiques de l\u2019Amazighit\u00e9 et du Conseil national des langues, les textes r\u00e9glementaires y aff\u00e9rents tardent \u00e0 sortir.<\/p>\n<p><strong>Pour la cr\u00e9ation d\u2019une banque nationale publique d\u00e9di\u00e9e \u00e0 l\u2019investissement<\/strong><\/p>\n<p>Interrog\u00e9 au sujet du secteur de l\u2019industrie, du Commerce et de l\u2019\u00e9conomie verte et num\u00e9rique, \u00e0 l\u2019issue de l\u2019adoption de son budget, le d\u00e9put\u00e9 Jamal Benchekroun a indiqu\u00e9 que le d\u00e9veloppement que connait le secteur ne profite pas \u00e0 toutes les r\u00e9gions. Les quelques unit\u00e9s industrielles implant\u00e9es au cours des derni\u00e8res ann\u00e9es au Maroc (automobile, a\u00e9ronautique) sont malheureusement concentr\u00e9es dans l\u2019axe c\u00f4tier et ne profitent pas \u00e0 toutes les r\u00e9gions du Maroc.<\/p>\n<p>Il a \u00e9galement estim\u00e9 n\u00e9cessaire de d\u00e9velopper des industries agroindustrielles, en particulier dans les r\u00e9gions agricoles pour le conditionnement et la valorisation des fruits et l\u00e9gumes.<\/p>\n<p><strong>Donner suite \u00e0 la loi cadre de l\u2019\u00e9ducation et de la formation<\/strong><\/p>\n<p>Au sujet du budget du secteur de l\u2019enseignement, le d\u00e9put\u00e9 Krimi Jamal Benchekroun a indiqu\u00e9 avoir insist\u00e9 au cours du d\u00e9bat en commission sur la n\u00e9cessit\u00e9 d\u2019adopter les textes r\u00e9glementaires et les d\u00e9crets n\u00e9cessaires \u00e0 l\u2019application de la loi-cadre de l\u2019\u00e9ducation et de la formation, dont l\u2019adoption a ressuscit\u00e9 l\u2019espoir de sortir du tourbillon de la crise du secteur et de la r\u00e9forme des r\u00e9formes qu\u2019il subit depuis des d\u00e9cennies.<\/p>\n<p>Il a attir\u00e9 l\u2019attention sur les obstacles qui entravent le projet ambitieux de l\u2019enseignement pr\u00e9scolaire, dont sont exclues plusieurs r\u00e9gions et en particulier les zones recul\u00e9es et marginalis\u00e9es.<\/p>\n<p><strong>Pour la mise en \u0153uvre de la carte \u00abjeune\u00bb<\/strong><\/p>\n<p>Quant au d\u00e9bat en commission du budget du d\u00e9partement de la jeunesse et des sports, le d\u00e9put\u00e9 Benchekroun a indiqu\u00e9 avoir r\u00e9clam\u00e9 dans son intervention la mise en \u0153uvre de la carte \u00abjeune\u00bb pour permettre \u00e0 ses d\u00e9tenteurs d\u2019en profiter dans leurs d\u00e9placements et voyages.<\/p>\n<p>Auteur: M&rsquo;hammed rahal<br \/>\n<a href=\"http:\/\/albayane.press.ma\/le-pps-au-parlement-et-le-plf-2020.html\">Cliquez ici pour lire l&rsquo;article depuis sa source.<\/a><\/p>\n","protected":false},"excerpt":{"rendered":"<p>Fatima Zahra Barassat : D\u00e9mocratie et DH: \u00abacc\u00e9l\u00e9rer l\u2019ex\u00e9cution du plan d\u2019action national\u00bb Par\u00a0: M\u2019Barek Tafsi Dans le but de consolider l\u2019option d\u00e9mocratique et le respect des droits de l\u2019homme dans le pays, tels que pr\u00e9vus dans la constitution de 2011, il est n\u00e9cessaire pour le gouvernement d\u2019acc\u00e9l\u00e9rer l\u2019ex\u00e9cution du plan d\u2019action national en mati\u00e8re [&hellip;]<\/p>\n","protected":false},"author":1760,"featured_media":69209,"comment_status":"closed","ping_status":"closed","sticky":false,"template":"","format":"standard","meta":{"fifu_image_url":"","fifu_image_alt":"","footnotes":""},"categories":[73,54],"tags":[],"class_list":["post-69208","post","type-post","status-publish","format-standard","has-post-thumbnail","hentry","category-actualite","category-maroc"],"_links":{"self":[{"href":"https:\/\/linitiative.ca\/International\/wp-json\/wp\/v2\/posts\/69208","targetHints":{"allow":["GET"]}}],"collection":[{"href":"https:\/\/linitiative.ca\/International\/wp-json\/wp\/v2\/posts"}],"about":[{"href":"https:\/\/linitiative.ca\/International\/wp-json\/wp\/v2\/types\/post"}],"author":[{"embeddable":true,"href":"https:\/\/linitiative.ca\/International\/wp-json\/wp\/v2\/users\/1760"}],"replies":[{"embeddable":true,"href":"https:\/\/linitiative.ca\/International\/wp-json\/wp\/v2\/comments?post=69208"}],"version-history":[{"count":0,"href":"https:\/\/linitiative.ca\/International\/wp-json\/wp\/v2\/posts\/69208\/revisions"}],"wp:featuredmedia":[{"embeddable":true,"href":"https:\/\/linitiative.ca\/International\/wp-json\/"}],"wp:attachment":[{"href":"https:\/\/linitiative.ca\/International\/wp-json\/wp\/v2\/media?parent=69208"}],"wp:term":[{"taxonomy":"category","embeddable":true,"href":"https:\/\/linitiative.ca\/International\/wp-json\/wp\/v2\/categories?post=69208"},{"taxonomy":"post_tag","embeddable":true,"href":"https:\/\/linitiative.ca\/International\/wp-json\/wp\/v2\/tags?post=69208"}],"curies":[{"name":"wp","href":"https:\/\/api.w.org\/{rel}","templated":true}]}}