{"id":69211,"date":"2019-12-03T05:44:54","date_gmt":"2019-12-03T10:44:54","guid":{"rendered":"https:\/\/linitiative.ca\/International\/ouverture-officielle-de-la-18e-edition-du-fifm\/"},"modified":"2019-12-03T05:44:54","modified_gmt":"2019-12-03T10:44:54","slug":"ouverture-officielle-de-la-18e-edition-du-fifm","status":"publish","type":"post","link":"https:\/\/linitiative.ca\/International\/ouverture-officielle-de-la-18e-edition-du-fifm\/","title":{"rendered":"Ouverture officielle de la 18e \u00e9dition du FIFM"},"content":{"rendered":"<p class=\"c2\"><strong>SAR la Princesse Lalla Hasnaa pr\u00e9side un d\u00eener offert par SM le Roi<\/strong><\/p>\n<p class=\"has-text-color has-background has-very-light-gray-color has-vivid-cyan-blue-background-color\"><strong>SAR la Princesse Lalla Hasnaa a pr\u00e9sid\u00e9, samedi au Palais des Congr\u00e8s \u00e0 Marrakech, un d\u00eener offert par Sa Majest\u00e9 le Roi Mohammed VI \u00e0 l\u2019occasion de l\u2019ouverture officielle de la 18\u00e8 \u00e9dition du Festival International du Film de Marrakech.<\/strong><\/p>\n<p>A son arriv\u00e9e, SAR la Princesse Lalla Hasnaa a pass\u00e9 en revue un d\u00e9tachement des Forces Auxiliaires qui rendait les honneurs avant d\u2019\u00eatre salu\u00e9e par la ministre du Tourisme, de l\u2019Artisanat, du Transport a\u00e9rien et de l\u2019Economie sociale, Mme Nadia Fettah, et le ministre de la Culture, de la Jeunesse et des Sports, porte-parole du gouvernement, M. Hassan Abyaba.<\/p>\n<p>Son Altesse Royale a \u00e9t\u00e9 \u00e9galement salu\u00e9e par le wali de la r\u00e9gion Marrakech-Safi, gouverneur de la pr\u00e9fecture de Marrakech, M. Karim Kassi Lahlou, le pr\u00e9sident du Conseil de la r\u00e9gion Marrakech-Safi, M. Ahmed Akhchichen, le pr\u00e9sident de la Commune de Marrakech, M. Mohamed Larbi Belcaid et la pr\u00e9sidente du Conseil pr\u00e9fectoral, Mme Jamila Afif.<\/p>\n<p>SAR la Princesse Lalla Hasnaa a \u00e9t\u00e9 salu\u00e9e aussi par les deux vice-pr\u00e9sidents de la Fondation du Festival International du Film de Marrakech, MM. Fa\u00ef\u00e7al Laraichi et Sarim Fassi Fihri, la Conseill\u00e8re du Pr\u00e9sident de la Fondation du Festival, Mme M\u00e9lita Toscan Du Plantier, le directeur artistique du Festival, le Conseiller du pr\u00e9sident au sein de la Fondation du Festival, la secr\u00e9taire g\u00e9n\u00e9rale du Festival, ainsi que par le tr\u00e9sorier g\u00e9n\u00e9ral et le coordinateur g\u00e9n\u00e9ral du Festival.<\/p>\n<p>Par la suite, SAR la Princesse Lalla Hasnaa s\u2019est rendue au Salon d\u2019honneur o\u00f9 il a \u00e9t\u00e9 proc\u00e9d\u00e9 \u00e0 la pr\u00e9sentation \u00e0 Son Altesse Royale du jury, des stars \u00e9trang\u00e8res ainsi que des partenaires \u00e9trangers et nationaux du Festival.<\/p>\n<p>Plac\u00e9e sous le Haut Patronage de Sa Majest\u00e9 le Roi Mohammed VI, la 18\u00e8 \u00e9dition du Festival International du Film de Marrakech, qui se poursuit jusqu\u2019au 7 d\u00e9cembre prochain, a \u00e9t\u00e9 ouverte vendredi soir au Palais des Congr\u00e8s de la cit\u00e9 ocre, en pr\u00e9sence d\u2019un ar\u00e9opage de stars du 7\u00e8me Art national et international, et d\u2019\u00e9minentes personnalit\u00e9s des mondes de la culture, des arts et des m\u00e9dias.<\/p>\n<p>Auteur: M&rsquo;hammed rahal<br \/>\n<a href=\"http:\/\/albayane.press.ma\/ouverture-officielle-de-la-18e-edition-du-fifm.html\">Cliquez ici pour lire l&rsquo;article depuis sa source.<\/a><\/p>\n","protected":false},"excerpt":{"rendered":"<p>SAR la Princesse Lalla Hasnaa pr\u00e9side un d\u00eener offert par SM le Roi SAR la Princesse Lalla Hasnaa a pr\u00e9sid\u00e9, samedi au Palais des Congr\u00e8s \u00e0 Marrakech, un d\u00eener offert par Sa Majest\u00e9 le Roi Mohammed VI \u00e0 l\u2019occasion de l\u2019ouverture officielle de la 18\u00e8 \u00e9dition du Festival International du Film de Marrakech. A son [&hellip;]<\/p>\n","protected":false},"author":1760,"featured_media":0,"comment_status":"closed","ping_status":"closed","sticky":false,"template":"","format":"standard","meta":{"fifu_image_url":"","fifu_image_alt":"","footnotes":""},"categories":[73,54],"tags":[],"class_list":["post-69211","post","type-post","status-publish","format-standard","hentry","category-actualite","category-maroc"],"_links":{"self":[{"href":"https:\/\/linitiative.ca\/International\/wp-json\/wp\/v2\/posts\/69211","targetHints":{"allow":["GET"]}}],"collection":[{"href":"https:\/\/linitiative.ca\/International\/wp-json\/wp\/v2\/posts"}],"about":[{"href":"https:\/\/linitiative.ca\/International\/wp-json\/wp\/v2\/types\/post"}],"author":[{"embeddable":true,"href":"https:\/\/linitiative.ca\/International\/wp-json\/wp\/v2\/users\/1760"}],"replies":[{"embeddable":true,"href":"https:\/\/linitiative.ca\/International\/wp-json\/wp\/v2\/comments?post=69211"}],"version-history":[{"count":0,"href":"https:\/\/linitiative.ca\/International\/wp-json\/wp\/v2\/posts\/69211\/revisions"}],"wp:attachment":[{"href":"https:\/\/linitiative.ca\/International\/wp-json\/wp\/v2\/media?parent=69211"}],"wp:term":[{"taxonomy":"category","embeddable":true,"href":"https:\/\/linitiative.ca\/International\/wp-json\/wp\/v2\/categories?post=69211"},{"taxonomy":"post_tag","embeddable":true,"href":"https:\/\/linitiative.ca\/International\/wp-json\/wp\/v2\/tags?post=69211"}],"curies":[{"name":"wp","href":"https:\/\/api.w.org\/{rel}","templated":true}]}}