{"id":69213,"date":"2019-12-03T07:24:46","date_gmt":"2019-12-03T12:24:46","guid":{"rendered":"https:\/\/linitiative.ca\/International\/nouveau-gouvernement-ennahdha-renouvelle-sa-confiance-a-habib-jemli\/"},"modified":"2019-12-03T07:24:46","modified_gmt":"2019-12-03T12:24:46","slug":"nouveau-gouvernement-ennahdha-renouvelle-sa-confiance-a-habib-jemli","status":"publish","type":"post","link":"https:\/\/linitiative.ca\/International\/nouveau-gouvernement-ennahdha-renouvelle-sa-confiance-a-habib-jemli\/","title":{"rendered":"Nouveau gouvernement\u00a0: Ennahdha renouvelle sa confiance \u00e0 Habib Jemli"},"content":{"rendered":"<p>Le pr\u00e9sident du Conseil de la Choura d\u2019Ennahdha, Abdelkrim Harouni, a d\u00e9clar\u00e9, lundi, que<br \/>\u00ab le conseil a renouvel\u00e9 sa confiance au chef du gouvernement d\u00e9sign\u00e9, Habib Jemli, pour la<br \/>formation d\u2019un gouvernement de r\u00e9forme et de r\u00e9alisation, politiquement solide \u00bb.<br \/>Lors d\u2019une conf\u00e9rence de presse, lundi, \u00e0 Tunis, organis\u00e9e au lendemain de la r\u00e9union du<br \/>Conseil de la Choura, Harouni a appel\u00e9 \u00ab les diff\u00e9rentes forces politiques concern\u00e9es par la<br \/>formation du gouvernement \u00e0 faire des concessions et \u00e0 acc\u00e9l\u00e9rer les n\u00e9gociations afin de<br \/>former ce gouvernement \u00bb.<br \/>\u00ab Les n\u00e9gociations sont en cours et les contours de la prochaine coalition au pouvoir sont<br \/>encore floues \u00bb, a-t-il dit.<br \/>Harouni a, par ailleurs, indiqu\u00e9 que \u00ab le Conseil de la Choura a d\u00e9cid\u00e9 de mettre en place une<br \/>commission mixte compos\u00e9e de cinq membres du conseil conduits par Harouni et cinq autres<br \/>du bureau ex\u00e9cutif d\u2019Ennahdha conduits par le pr\u00e9sident du mouvement, Rached Ghannouchi,<br \/>afin d\u2019examiner les noms qui seront pr\u00e9sent\u00e9s \u00e0 Habib Jemli pour occuper les postes<br \/>minist\u00e9riels au sein du nouveau gouvernement \u00ab .<br \/>Selon le pr\u00e9sident du Conseil de la Choura, \u00ab Qalb Toun\u00e8s fait partie du paysage politique et<br \/>poss\u00e8de un bloc parlementaire influent qui ne peut \u00eatre exclue et avec lequel on peut<br \/>interagir \u00bb. Il ajout\u00e9 que son parti reste toutefois attach\u00e9 \u00e0 sa position concernant la non-<br \/>participation de Qalb Toun\u00e8s au prochain gouvernement \u00bb.<br \/>Le Conseil de la Choura a recommand\u00e9 d\u2019entamer les pr\u00e9paratifs du 11e congr\u00e8s du<br \/>mouvement Ennahdha, notamment \u00e0 travers \u00ab l\u2019organisation d\u2019une session sp\u00e9ciale du conseil \u00bb<br \/>\u00e0 cet effet.<br \/>\u00ab Le pr\u00e9sident d\u2019Ennahdha poursuivra son travail \u00e0 la t\u00eate du mouvement jusqu\u2019\u00e0 l\u2019organisation<br \/>du prochain congr\u00e8s \u00bb, a-t-il indiqu\u00e9, relevant que des changements seront op\u00e9r\u00e9s au niveau de<br \/>la direction du parti au cours des prochains jours, apr\u00e8s l\u2019accession de Rached Ghannouchi \u00e0<br \/>la pr\u00e9sidence du parlement.<br \/>Sur un autre plan, Harouni a appel\u00e9 le chef du gouvernement charg\u00e9 de la gestion des affaires<br \/>courantes, Youssef Chahed, \u00e0 mettre un terme aux nominations et \u00e0 \u00ab revoir celles qui ont \u00e9t\u00e9<br \/>op\u00e9r\u00e9es au cours des derni\u00e8res semaines \u00bb.<br \/>Dimanche, le chef du gouvernement d\u00e9sign\u00e9, Habib Jemli, a indiqu\u00e9 avoir entam\u00e9 l\u2019examen<br \/>des dossiers des personnalit\u00e9s qualifi\u00e9es pour int\u00e9grer la prochaine \u00e9quipe gouvernementale.<br \/>De son c\u00f4t\u00e9, Abdellatif Mekki, dirigeant d\u2019Ennahdha, a d\u00e9clar\u00e9 \u00e0 l\u2019Agence TAP, dimanche,<br \/>que le dossier du prochain gouvernement est \u00ab le point principal \u00e0 l\u2019ordre du jour de la r\u00e9union<br \/>du Conseil de la Choura \u00bb.<\/p>\n<p class=\"dpsp-share-text\">Partager c&rsquo;est aimer!<\/p>\n<div class=\"wp-post-author-wrap wp-post-author-shortcode left\">\n<h3 class=\"awpa-title\"\/>\n<div class=\"wp-post-author\">\n<div class=\"awpa-img awpa-author-block square\"><a href=\"http:\/\/lexpertjournal.net\/fr\/author\/expert\/\"><img loading=\"lazy\" decoding=\"async\" alt=\"\" src=\"http:\/\/0.gravatar.com\/avatar\/c828f0b17d24309f0d01a4eac3747085?s=150&#038;d=mm&#038;r=g\" srcset=\"http:\/\/0.gravatar.com\/avatar\/c828f0b17d24309f0d01a4eac3747085?s=300&#038;d=mm&#038;r=g 2x\" class=\"avatar avatar-150 photo\" height=\"150\" width=\"150\"\/><\/a><\/div>\n<\/div>\n<\/div>\n<p>Auteur: L&rsquo;expert<br \/>\n<a href=\"http:\/\/lexpertjournal.net\/fr\/2019\/12\/03\/nouveau-gouvernement-ennahdha-renouvelle-sa-confiance-a-habib-jemli\/\">Cliquez ici pour lire l&rsquo;article depuis sa source.<\/a><\/p>\n","protected":false},"excerpt":{"rendered":"<p>Le pr\u00e9sident du Conseil de la Choura d\u2019Ennahdha, Abdelkrim Harouni, a d\u00e9clar\u00e9, lundi, que\u00ab le conseil a renouvel\u00e9 sa confiance au chef du gouvernement d\u00e9sign\u00e9, Habib Jemli, pour laformation d\u2019un gouvernement de r\u00e9forme et de r\u00e9alisation, politiquement solide \u00bb.Lors d\u2019une conf\u00e9rence de presse, lundi, \u00e0 Tunis, organis\u00e9e au lendemain de la r\u00e9union duConseil de la [&hellip;]<\/p>\n","protected":false},"author":1775,"featured_media":0,"comment_status":"closed","ping_status":"closed","sticky":false,"template":"","format":"standard","meta":{"fifu_image_url":"","fifu_image_alt":"","footnotes":""},"categories":[78,55],"tags":[],"class_list":["post-69213","post","type-post","status-publish","format-standard","hentry","category-economie","category-tunisie"],"_links":{"self":[{"href":"https:\/\/linitiative.ca\/International\/wp-json\/wp\/v2\/posts\/69213","targetHints":{"allow":["GET"]}}],"collection":[{"href":"https:\/\/linitiative.ca\/International\/wp-json\/wp\/v2\/posts"}],"about":[{"href":"https:\/\/linitiative.ca\/International\/wp-json\/wp\/v2\/types\/post"}],"author":[{"embeddable":true,"href":"https:\/\/linitiative.ca\/International\/wp-json\/wp\/v2\/users\/1775"}],"replies":[{"embeddable":true,"href":"https:\/\/linitiative.ca\/International\/wp-json\/wp\/v2\/comments?post=69213"}],"version-history":[{"count":0,"href":"https:\/\/linitiative.ca\/International\/wp-json\/wp\/v2\/posts\/69213\/revisions"}],"wp:attachment":[{"href":"https:\/\/linitiative.ca\/International\/wp-json\/wp\/v2\/media?parent=69213"}],"wp:term":[{"taxonomy":"category","embeddable":true,"href":"https:\/\/linitiative.ca\/International\/wp-json\/wp\/v2\/categories?post=69213"},{"taxonomy":"post_tag","embeddable":true,"href":"https:\/\/linitiative.ca\/International\/wp-json\/wp\/v2\/tags?post=69213"}],"curies":[{"name":"wp","href":"https:\/\/api.w.org\/{rel}","templated":true}]}}