{"id":69214,"date":"2019-12-03T07:26:22","date_gmt":"2019-12-03T12:26:22","guid":{"rendered":"https:\/\/linitiative.ca\/International\/reechelonnement-des-dettes-la-cnss-appelle-ses-affilies-a-deposer-leurs-demandes\/"},"modified":"2019-12-03T07:26:22","modified_gmt":"2019-12-03T12:26:22","slug":"reechelonnement-des-dettes-la-cnss-appelle-ses-affilies-a-deposer-leurs-demandes","status":"publish","type":"post","link":"https:\/\/linitiative.ca\/International\/reechelonnement-des-dettes-la-cnss-appelle-ses-affilies-a-deposer-leurs-demandes\/","title":{"rendered":"R\u00e9\u00e9chelonnement des dettes\u00a0: La CNSS appelle ses affili\u00e9s \u00e0 d\u00e9poser leurs demandes"},"content":{"rendered":"<p>La Caisse nationale de s\u00e9curit\u00e9 sociale (CNSS) a appel\u00e9 ses affili\u00e9s endett\u00e9s sous le titre de<br \/>Pr\u00eats logement et souhaitant \u00eatre exempt\u00e9s des int\u00e9r\u00eats sur les retards de paiement de leurs<br \/>emprunts, \u00e0 d\u00e9poser leurs demandes d\u2019\u00e9chelonnement de leurs dette aupr\u00e8s des bureaux<br \/>r\u00e9gionaux et locaux de la caisse, au plus tard le 4 d\u00e9cembre courant.<br \/>L\u2019\u00e9chelonnement du principal de la dette, des int\u00e9r\u00eats l\u00e9gaux et des frais aff\u00e9rant aux recours<br \/>s\u2019effectuera sur une p\u00e9riode ne d\u00e9passant pas les 60 mois \u00e0 condition que le montant mensuel<br \/>pr\u00e9lev\u00e9 ne d\u00e9passe pas celui de la dette initiale, lit-on dans un communiqu\u00e9 publi\u00e9, lundi, par<br \/>la caisse.<br \/>La Caisse a, cependant, soulign\u00e9 qu\u2019elle conservera son droit de reprendre les proc\u00e9dures de<br \/>poursuite et d\u2019ex\u00e9cution afin de recouvrer l\u2019ensemble de ses dus financiers si les b\u00e9n\u00e9ficiaires<br \/>ne respectent pas l\u2019\u00e9chelonnement de leurs dettes.<br \/>Cette mesure exceptionnelle s\u2019inscrit dans la perspective de b\u00e9n\u00e9ficier d\u2019une exemption des<br \/>taux d\u2019int\u00e9r\u00eat de 2% par an, impos\u00e9s sur les pr\u00eats logements qui n\u2019ont pas \u00e9t\u00e9 pay\u00e9s<br \/>partiellement ou int\u00e9gralement jusqu\u2019\u00e0 septembre 2019.<\/p>\n<p class=\"dpsp-share-text\">Partager c&rsquo;est aimer!<\/p>\n<div class=\"wp-post-author-wrap wp-post-author-shortcode left\">\n<h3 class=\"awpa-title\"\/>\n<div class=\"wp-post-author\">\n<div class=\"awpa-img awpa-author-block square\"><a href=\"http:\/\/lexpertjournal.net\/fr\/author\/expert\/\"><img loading=\"lazy\" decoding=\"async\" alt=\"\" src=\"http:\/\/0.gravatar.com\/avatar\/c828f0b17d24309f0d01a4eac3747085?s=150&#038;d=mm&#038;r=g\" srcset=\"http:\/\/0.gravatar.com\/avatar\/c828f0b17d24309f0d01a4eac3747085?s=300&#038;d=mm&#038;r=g 2x\" class=\"avatar avatar-150 photo\" height=\"150\" width=\"150\"\/><\/a><\/div>\n<\/div>\n<\/div>\n<p>Auteur: L&rsquo;expert<br \/>\n<a href=\"http:\/\/lexpertjournal.net\/fr\/2019\/12\/03\/reechelonnement-des-dettes-la-cnss-appelle-ses-affilies-a-deposer-leurs-demandes\/\">Cliquez ici pour lire l&rsquo;article depuis sa source.<\/a><\/p>\n","protected":false},"excerpt":{"rendered":"<p>La Caisse nationale de s\u00e9curit\u00e9 sociale (CNSS) a appel\u00e9 ses affili\u00e9s endett\u00e9s sous le titre dePr\u00eats logement et souhaitant \u00eatre exempt\u00e9s des int\u00e9r\u00eats sur les retards de paiement de leursemprunts, \u00e0 d\u00e9poser leurs demandes d\u2019\u00e9chelonnement de leurs dette aupr\u00e8s des bureauxr\u00e9gionaux et locaux de la caisse, au plus tard le 4 d\u00e9cembre courant.L\u2019\u00e9chelonnement du principal [&hellip;]<\/p>\n","protected":false},"author":1775,"featured_media":0,"comment_status":"closed","ping_status":"closed","sticky":false,"template":"","format":"standard","meta":{"fifu_image_url":"","fifu_image_alt":"","footnotes":""},"categories":[78,55],"tags":[],"class_list":["post-69214","post","type-post","status-publish","format-standard","hentry","category-economie","category-tunisie"],"_links":{"self":[{"href":"https:\/\/linitiative.ca\/International\/wp-json\/wp\/v2\/posts\/69214","targetHints":{"allow":["GET"]}}],"collection":[{"href":"https:\/\/linitiative.ca\/International\/wp-json\/wp\/v2\/posts"}],"about":[{"href":"https:\/\/linitiative.ca\/International\/wp-json\/wp\/v2\/types\/post"}],"author":[{"embeddable":true,"href":"https:\/\/linitiative.ca\/International\/wp-json\/wp\/v2\/users\/1775"}],"replies":[{"embeddable":true,"href":"https:\/\/linitiative.ca\/International\/wp-json\/wp\/v2\/comments?post=69214"}],"version-history":[{"count":0,"href":"https:\/\/linitiative.ca\/International\/wp-json\/wp\/v2\/posts\/69214\/revisions"}],"wp:attachment":[{"href":"https:\/\/linitiative.ca\/International\/wp-json\/wp\/v2\/media?parent=69214"}],"wp:term":[{"taxonomy":"category","embeddable":true,"href":"https:\/\/linitiative.ca\/International\/wp-json\/wp\/v2\/categories?post=69214"},{"taxonomy":"post_tag","embeddable":true,"href":"https:\/\/linitiative.ca\/International\/wp-json\/wp\/v2\/tags?post=69214"}],"curies":[{"name":"wp","href":"https:\/\/api.w.org\/{rel}","templated":true}]}}