{"id":69215,"date":"2019-12-03T07:29:23","date_gmt":"2019-12-03T12:29:23","guid":{"rendered":"https:\/\/linitiative.ca\/International\/la-societe-civile-et-le-plf-2020-appel-a-renforcer-les-ressources-pour-le-secteur-de-la-sante\/"},"modified":"2019-12-03T07:29:23","modified_gmt":"2019-12-03T12:29:23","slug":"la-societe-civile-et-le-plf-2020-appel-a-renforcer-les-ressources-pour-le-secteur-de-la-sante","status":"publish","type":"post","link":"https:\/\/linitiative.ca\/International\/la-societe-civile-et-le-plf-2020-appel-a-renforcer-les-ressources-pour-le-secteur-de-la-sante\/","title":{"rendered":"La soci\u00e9t\u00e9 civile et le PLF 2020\u00a0: Appel \u00e0 renforcer les ressources pour le secteur de la sant\u00e9"},"content":{"rendered":"<p>Le collectif de la soci\u00e9t\u00e9 civile pour la d\u00e9fense du secteur de la sant\u00e9 publique a appel\u00e9, lundi<br \/>\u00e0 la n\u00e9cessite d\u2019introduire des modifications au projet sur la loi de finances 2020 pour inclure<br \/>des ressources suppl\u00e9mentaires visant le renforcement du fonds de la sant\u00e9, le payement des<br \/>dettes des h\u00f4pitaux aupr\u00e8s de la Caisse nationale d\u2019assurance Maladie (CNAM) et la<br \/>consolidation du budget d\u2019achat des m\u00e9dicaments.<br \/>Ce collectif a revendiqu\u00e9, dans un communiqu\u00e9, la fixation d\u2019une taxe sp\u00e9ciale dans le projet<br \/>de la loi de finances 2020 au profit du fonds de soutien de la sant\u00e9 publique sur tous les<br \/>produits qui contiennent 5 pc ou plus du sucre industriel et la fixation d\u2019une taxe de 10 pc du<br \/>prix de vente au consommateur, outre la cr\u00e9ation d\u2019une taxe sp\u00e9ciale au profit du fonds du<br \/>tabac et des boissons alcoolis\u00e9es.<br \/>Le collectif a appel\u00e9 \u00e0 la g\u00e9n\u00e9ralisation de la taxe de 1 pour cent, contenue dans l\u2019article 59 du<br \/>projet de la loi des finances 2019, du chiffre d\u2019affaires des cliniques priv\u00e9s et des prestataires<br \/>de service sanitaires (\u00e0 l\u2019exception des pharmacies priv\u00e9s ) aux entreprises d\u2019importation, de<br \/>fabrication et de distribution des m\u00e9dicaments, des \u00e9quipements sanitaires et des pesticides<br \/>utilis\u00e9s dans le secteur de l\u2019agriculture ainsi qu\u2019aux entreprises polluantes .<br \/>Il a insist\u00e9 sur l\u2019amendement de l\u2019article premier du d\u00e9cret gouvernemental N. 83 de 2019<br \/>fixant les domaines d\u2019intervention du fonds de soutien de la sant\u00e9 publique pour englober les<br \/>groupements de sant\u00e9 de base et des h\u00f4pitaux locaux afin qu\u2019elles jouent un r\u00f4le dans la prise<br \/>en charge des b\u00e9n\u00e9ficiaires de la gratuit\u00e9 ou des tarifs r\u00e9duits des soins .<br \/>Le fonds de soutien de la sant\u00e9 qui a \u00e9t\u00e9 cr\u00e9\u00e9 en vertu de la loi des finances de 2017 n\u2019a pas<br \/>\u00e9t\u00e9 activ\u00e9 jusqu\u2019\u00e0 pr\u00e9sent et les ressources qui lui ont \u00e9t\u00e9 attribu\u00e9s et qui repr\u00e9sentent 10 pc<br \/>des d\u00e9penses de prise en charge des b\u00e9n\u00e9ficiaires de la gratuit\u00e9 et des tarifs gratuits de soins<br \/>par les \u00e9tablissements sont estim\u00e9es \u00e0 400 millions par an, selon le communiqu\u00e9 du collectif.<br \/>Ce collectif propose d\u2019inclure un nouveau chapitre dans le projet de la loi de finances 2020,<br \/>permettant de consacrer une partie des contributions sociales solidaires d\u00e9cid\u00e9e par la loi des<\/p>\n<p>finances 2018, afin de payer les dettes des h\u00f4pitaux et de la pharmacie centrale aupr\u00e8s de la<br \/>CNAM, selon un calendrier qui sera \u00e9labor\u00e9 au cours du premier trimestre de 2020.<br \/>Les dettes des h\u00f4pitaux aupr\u00e8s de la CNAM ont d\u00e9pass\u00e9 500 millions de dinars en 2019, a<br \/>indiqu\u00e9 le collectif dans le m\u00eame communiqu\u00e9, pr\u00e9cisant que cette situation a conduit \u00e0<br \/>l\u2019accumulation des dettes aupr\u00e8s des h\u00f4pitaux aupr\u00e8s des fournisseurs public et priv\u00e9s, ce qui<br \/>a caus\u00e9 l\u2019interruption de l\u2019approvisionnement en \u00e9quipements m\u00e9dicaux et la d\u00e9gradation des<br \/>prestations sanitaires.<br \/>Selon le collectif de la soci\u00e9t\u00e9 civile pour la d\u00e9fense du secteur public de la sant\u00e9, des mesures<br \/>rapides doivent \u00eatre prises apr\u00e8s les 100 jours de la formation du nouveau gouvernement pour<br \/>sauver le secteur de la sant\u00e9 publique.<br \/>Ce collectif regroupe des dizaines d\u2019associations dont notamment, la Ligue tunisienne de<br \/>d\u00e9fense des droits de l\u2019Homme, l\u2019Association tunisienne de d\u00e9fense du droit \u00e0 la sant\u00e9,<br \/>l\u2019Association tunisienne de d\u00e9fense du secteur de la sant\u00e9 publique, la F\u00e9d\u00e9ration g\u00e9n\u00e9rale de<br \/>la sant\u00e9 et les syndicats de m\u00e9decins relevant de l\u2019UGTT, et le Forum tunisien pour les droits<br \/>\u00e9conomiques et sociaux.<\/p>\n<p class=\"dpsp-share-text\">Partager c&rsquo;est aimer!<\/p>\n<div class=\"wp-post-author-wrap wp-post-author-shortcode left\">\n<h3 class=\"awpa-title\"\/>\n<div class=\"wp-post-author\">\n<div class=\"awpa-img awpa-author-block square\"><a href=\"http:\/\/lexpertjournal.net\/fr\/author\/expert\/\"><img loading=\"lazy\" decoding=\"async\" alt=\"\" src=\"http:\/\/0.gravatar.com\/avatar\/c828f0b17d24309f0d01a4eac3747085?s=150&#038;d=mm&#038;r=g\" srcset=\"http:\/\/0.gravatar.com\/avatar\/c828f0b17d24309f0d01a4eac3747085?s=300&#038;d=mm&#038;r=g 2x\" class=\"avatar avatar-150 photo\" height=\"150\" width=\"150\"\/><\/a><\/div>\n<\/div>\n<\/div>\n<p>Auteur: L&rsquo;expert<br \/>\n<a href=\"http:\/\/lexpertjournal.net\/fr\/2019\/12\/03\/la-societe-civile-et-le-plf-2020-appel-a-renforcer-les-ressources-pour-le-secteur-de-la-sante\/\">Cliquez ici pour lire l&rsquo;article depuis sa source.<\/a><\/p>\n","protected":false},"excerpt":{"rendered":"<p>Le collectif de la soci\u00e9t\u00e9 civile pour la d\u00e9fense du secteur de la sant\u00e9 publique a appel\u00e9, lundi\u00e0 la n\u00e9cessite d\u2019introduire des modifications au projet sur la loi de finances 2020 pour incluredes ressources suppl\u00e9mentaires visant le renforcement du fonds de la sant\u00e9, le payement desdettes des h\u00f4pitaux aupr\u00e8s de la Caisse nationale d\u2019assurance Maladie [&hellip;]<\/p>\n","protected":false},"author":1775,"featured_media":0,"comment_status":"closed","ping_status":"closed","sticky":false,"template":"","format":"standard","meta":{"fifu_image_url":"","fifu_image_alt":"","footnotes":""},"categories":[78,55],"tags":[],"class_list":["post-69215","post","type-post","status-publish","format-standard","hentry","category-economie","category-tunisie"],"_links":{"self":[{"href":"https:\/\/linitiative.ca\/International\/wp-json\/wp\/v2\/posts\/69215","targetHints":{"allow":["GET"]}}],"collection":[{"href":"https:\/\/linitiative.ca\/International\/wp-json\/wp\/v2\/posts"}],"about":[{"href":"https:\/\/linitiative.ca\/International\/wp-json\/wp\/v2\/types\/post"}],"author":[{"embeddable":true,"href":"https:\/\/linitiative.ca\/International\/wp-json\/wp\/v2\/users\/1775"}],"replies":[{"embeddable":true,"href":"https:\/\/linitiative.ca\/International\/wp-json\/wp\/v2\/comments?post=69215"}],"version-history":[{"count":0,"href":"https:\/\/linitiative.ca\/International\/wp-json\/wp\/v2\/posts\/69215\/revisions"}],"wp:attachment":[{"href":"https:\/\/linitiative.ca\/International\/wp-json\/wp\/v2\/media?parent=69215"}],"wp:term":[{"taxonomy":"category","embeddable":true,"href":"https:\/\/linitiative.ca\/International\/wp-json\/wp\/v2\/categories?post=69215"},{"taxonomy":"post_tag","embeddable":true,"href":"https:\/\/linitiative.ca\/International\/wp-json\/wp\/v2\/tags?post=69215"}],"curies":[{"name":"wp","href":"https:\/\/api.w.org\/{rel}","templated":true}]}}