{"id":69216,"date":"2019-12-03T07:31:12","date_gmt":"2019-12-03T12:31:12","guid":{"rendered":"https:\/\/linitiative.ca\/International\/assassinat-chokri-belaid-report-de-lexamen-de-laffaire-au-6-mars-2020\/"},"modified":"2019-12-03T07:31:12","modified_gmt":"2019-12-03T12:31:12","slug":"assassinat-chokri-belaid-report-de-lexamen-de-laffaire-au-6-mars-2020","status":"publish","type":"post","link":"https:\/\/linitiative.ca\/International\/assassinat-chokri-belaid-report-de-lexamen-de-laffaire-au-6-mars-2020\/","title":{"rendered":"Assassinat Chokri B\u00e9la\u00efd\u00a0: Report de l\u2019examen de l\u2019affaire au 6 mars 2020"},"content":{"rendered":"<p>La 5e chambre criminelle pr\u00e8s le Tribunal de premi\u00e8re instance de Tunis, sp\u00e9cialis\u00e9e dans les<br \/>crimes terroristes, a d\u00e9cid\u00e9 de reporter l\u2019examen de l\u2019affaire de l\u2019assassinat de Chokri Belaid<br \/>au 6 mars 2020, a fait savoir, lundi, le membre du Collectif de d\u00e9fense du martyr Chokri<br \/>Bela\u00efd, Imen Ghezara.<br \/>Dans une d\u00e9claration, Imen Ghezara a indiqu\u00e9 que cette d\u00e9cision intervient suite \u00e0 la demande<br \/>du collectif de d\u00e9fense.<br \/>D\u2019apr\u00e8s Imen Ghezara, le collectif de d\u00e9fense a demand\u00e9 des services techniques, relevant du<br \/>minist\u00e8re de l\u2019Int\u00e9rieur, de lui fournir le relev\u00e9 d\u00e9taill\u00e9 des mandats de recherche \u00e9mis \u00e0<br \/>l\u2019encontre des accus\u00e9s dans cette affaire, notamment Seifallah Ben Hassine, plus connu sous<br \/>le nom de Abou Iyadh, (chef du groupe Ansar al-Charia interdit), et Abou Bakr al-Hakim,<br \/>ainsi que de leurs relev\u00e9s de communications t\u00e9l\u00e9phoniques effectu\u00e9es quelques jours avant<br \/>l\u2019assassinat de Bela\u00efd.<br \/>Chokri Bela\u00efd, avocat, ancien secr\u00e9taire g\u00e9n\u00e9ral du Parti des patriotes d\u00e9mocrates unifi\u00e9 et<br \/>figure de l\u2019opposition, a \u00e9t\u00e9 assassin\u00e9 le 6 f\u00e9vrier 2013 par plusieurs balles tir\u00e9es \u00e0 bout<br \/>portant au pied de son immeuble.<\/p>\n<p class=\"dpsp-share-text\">Partager c&rsquo;est aimer!<\/p>\n<div class=\"wp-post-author-wrap wp-post-author-shortcode left\">\n<h3 class=\"awpa-title\"\/>\n<div class=\"wp-post-author\">\n<div class=\"awpa-img awpa-author-block square\"><a href=\"http:\/\/lexpertjournal.net\/fr\/author\/expert\/\"><img loading=\"lazy\" decoding=\"async\" alt=\"\" src=\"http:\/\/0.gravatar.com\/avatar\/c828f0b17d24309f0d01a4eac3747085?s=150&#038;d=mm&#038;r=g\" srcset=\"http:\/\/0.gravatar.com\/avatar\/c828f0b17d24309f0d01a4eac3747085?s=300&#038;d=mm&#038;r=g 2x\" class=\"avatar avatar-150 photo\" height=\"150\" width=\"150\"\/><\/a><\/div>\n<\/div>\n<\/div>\n<p>Auteur: L&rsquo;expert<br \/>\n<a href=\"http:\/\/lexpertjournal.net\/fr\/2019\/12\/03\/assassinat-chokri-belaid-report-de-lexamen-de-laffaire-au-6-mars-2020\/\">Cliquez ici pour lire l&rsquo;article depuis sa source.<\/a><\/p>\n","protected":false},"excerpt":{"rendered":"<p>La 5e chambre criminelle pr\u00e8s le Tribunal de premi\u00e8re instance de Tunis, sp\u00e9cialis\u00e9e dans lescrimes terroristes, a d\u00e9cid\u00e9 de reporter l\u2019examen de l\u2019affaire de l\u2019assassinat de Chokri Belaidau 6 mars 2020, a fait savoir, lundi, le membre du Collectif de d\u00e9fense du martyr ChokriBela\u00efd, Imen Ghezara.Dans une d\u00e9claration, Imen Ghezara a indiqu\u00e9 que cette d\u00e9cision [&hellip;]<\/p>\n","protected":false},"author":1775,"featured_media":0,"comment_status":"closed","ping_status":"closed","sticky":false,"template":"","format":"standard","meta":{"fifu_image_url":"","fifu_image_alt":"","footnotes":""},"categories":[78,55],"tags":[],"class_list":["post-69216","post","type-post","status-publish","format-standard","hentry","category-economie","category-tunisie"],"_links":{"self":[{"href":"https:\/\/linitiative.ca\/International\/wp-json\/wp\/v2\/posts\/69216","targetHints":{"allow":["GET"]}}],"collection":[{"href":"https:\/\/linitiative.ca\/International\/wp-json\/wp\/v2\/posts"}],"about":[{"href":"https:\/\/linitiative.ca\/International\/wp-json\/wp\/v2\/types\/post"}],"author":[{"embeddable":true,"href":"https:\/\/linitiative.ca\/International\/wp-json\/wp\/v2\/users\/1775"}],"replies":[{"embeddable":true,"href":"https:\/\/linitiative.ca\/International\/wp-json\/wp\/v2\/comments?post=69216"}],"version-history":[{"count":0,"href":"https:\/\/linitiative.ca\/International\/wp-json\/wp\/v2\/posts\/69216\/revisions"}],"wp:attachment":[{"href":"https:\/\/linitiative.ca\/International\/wp-json\/wp\/v2\/media?parent=69216"}],"wp:term":[{"taxonomy":"category","embeddable":true,"href":"https:\/\/linitiative.ca\/International\/wp-json\/wp\/v2\/categories?post=69216"},{"taxonomy":"post_tag","embeddable":true,"href":"https:\/\/linitiative.ca\/International\/wp-json\/wp\/v2\/tags?post=69216"}],"curies":[{"name":"wp","href":"https:\/\/api.w.org\/{rel}","templated":true}]}}