{"id":69217,"date":"2019-12-03T07:34:08","date_gmt":"2019-12-03T12:34:08","guid":{"rendered":"https:\/\/linitiative.ca\/International\/examen-du-plf-2020-en-commission-ambiance-tendue-et-rejet-de-deux-articles\/"},"modified":"2019-12-03T07:34:08","modified_gmt":"2019-12-03T12:34:08","slug":"examen-du-plf-2020-en-commission-ambiance-tendue-et-rejet-de-deux-articles","status":"publish","type":"post","link":"https:\/\/linitiative.ca\/International\/examen-du-plf-2020-en-commission-ambiance-tendue-et-rejet-de-deux-articles\/","title":{"rendered":"Examen du PLF 2020 en commission\u00a0: Ambiance tendue et rejet de deux articles"},"content":{"rendered":"<p>La Commission parlementaire charg\u00e9e des finances \u00e0 l\u2019Assembl\u00e9e des repr\u00e9sentants du peuple<br \/>(ARP), a cl\u00f4tur\u00e9, lundi, l\u2019examen, des articles du projet de loi de finances, dans une ambiance<br \/>tendue.<br \/>Le pr\u00e9sident de la commission, Iyadh Elloumi a carr\u00e9ment expuls\u00e9 la d\u00e9l\u00e9gation du Minist\u00e8re<br \/>des finances apr\u00e8s une intervention de la repr\u00e9sentante du minist\u00e8re qui \u00ab lui a coup\u00e9 la<br \/>parole \u00bb, d\u2019apr\u00e8s ses dires.<br \/>Interrog\u00e9 par les journalistes sur sa r\u00e9action, Elloumi a argument\u00e9: \u00ab j\u2019ai voulu que les<br \/>parlementaires votent sans une pression de l\u2019administration \u00bb.<br \/>Des d\u00e9put\u00e9s n\u2019ont pas appr\u00e9ci\u00e9 le comportement du pr\u00e9sident de la commission. Ils ont<br \/>d\u00e9nonc\u00e9 sa r\u00e9action en la qualifiant de \u00ab premi\u00e8re \u00bb dans l\u2019histoire du parlement.<\/p>\n<p>Son comportement a provoqu\u00e9 le d\u00e9part de toute la d\u00e9l\u00e9gation du d\u00e9partement de l\u2019industrie a<br \/>quitt\u00e9 la salle de r\u00e9union pour l\u2019examen de la loi de Finances pour l\u2019exercice 2020.<br \/>La commission a poursuivi, toutefois, l\u2019examen des articles de le projet de loi de finances et<br \/>rejet\u00e9 les articles 29 et 30 de ce projet, lesquels stipulent la cr\u00e9ation d\u2019un nouveau type de<br \/>r\u00e9vision fiscale: \u00ab la r\u00e9vision ponctuelle \u00bb, en raison de l\u2019absence des dispositions relatives \u00e0 la<br \/>lutte contre le commerce parall\u00e8le.<br \/>Les deux articles ont pour objectif d\u2019am\u00e9liorer le taux de couverture des contribuables par la<br \/>r\u00e9vision fiscale, d\u2019une part et de les concilier avec le fisc d\u2019autre part.<br \/>Ils mettent l\u2019accent sur la n\u00e9cessit\u00e9 de sensibiliser le contribuable quant \u00e0 la r\u00e9vision fiscale,<br \/>d\u2019acc\u00e9l\u00e9rer le rythme de r\u00e9ponse aux demandes des contribuables de r\u00e9cup\u00e9ration du cr\u00e9dit de<br \/>l\u2019imp\u00f4t sur la taxe sur la valeur ajout\u00e9e (TVA).<br \/>D\u2019apr\u00e8s le document du projet de loi des finances 2020, la r\u00e9vision ponctuelle concerne toute<br \/>ou une partie de la situation fiscale du redevable, pour une p\u00e9riode de moins d\u2019un an. Elle est<br \/>caract\u00e9ris\u00e9e par des r\u00e8gles simplifi\u00e9es et des d\u00e9lais r\u00e9duits.<\/p>\n<p class=\"dpsp-share-text\">Partager c&rsquo;est aimer!<\/p>\n<div class=\"wp-post-author-wrap wp-post-author-shortcode left\">\n<h3 class=\"awpa-title\"\/>\n<div class=\"wp-post-author\">\n<div class=\"awpa-img awpa-author-block square\"><a href=\"http:\/\/lexpertjournal.net\/fr\/author\/expert\/\"><img loading=\"lazy\" decoding=\"async\" alt=\"\" src=\"http:\/\/0.gravatar.com\/avatar\/c828f0b17d24309f0d01a4eac3747085?s=150&#038;d=mm&#038;r=g\" srcset=\"http:\/\/0.gravatar.com\/avatar\/c828f0b17d24309f0d01a4eac3747085?s=300&#038;d=mm&#038;r=g 2x\" class=\"avatar avatar-150 photo\" height=\"150\" width=\"150\"\/><\/a><\/div>\n<\/div>\n<\/div>\n<p>Auteur: L&rsquo;expert<br \/>\n<a href=\"http:\/\/lexpertjournal.net\/fr\/2019\/12\/03\/examen-du-plf-2020-en-commission-ambiance-tendue-et-rejet-de-deux-articles\/\">Cliquez ici pour lire l&rsquo;article depuis sa source.<\/a><\/p>\n","protected":false},"excerpt":{"rendered":"<p>La Commission parlementaire charg\u00e9e des finances \u00e0 l\u2019Assembl\u00e9e des repr\u00e9sentants du peuple(ARP), a cl\u00f4tur\u00e9, lundi, l\u2019examen, des articles du projet de loi de finances, dans une ambiancetendue.Le pr\u00e9sident de la commission, Iyadh Elloumi a carr\u00e9ment expuls\u00e9 la d\u00e9l\u00e9gation du Minist\u00e8redes finances apr\u00e8s une intervention de la repr\u00e9sentante du minist\u00e8re qui \u00ab lui a coup\u00e9 laparole [&hellip;]<\/p>\n","protected":false},"author":1775,"featured_media":0,"comment_status":"closed","ping_status":"closed","sticky":false,"template":"","format":"standard","meta":{"fifu_image_url":"","fifu_image_alt":"","footnotes":""},"categories":[78,55],"tags":[],"class_list":["post-69217","post","type-post","status-publish","format-standard","hentry","category-economie","category-tunisie"],"_links":{"self":[{"href":"https:\/\/linitiative.ca\/International\/wp-json\/wp\/v2\/posts\/69217","targetHints":{"allow":["GET"]}}],"collection":[{"href":"https:\/\/linitiative.ca\/International\/wp-json\/wp\/v2\/posts"}],"about":[{"href":"https:\/\/linitiative.ca\/International\/wp-json\/wp\/v2\/types\/post"}],"author":[{"embeddable":true,"href":"https:\/\/linitiative.ca\/International\/wp-json\/wp\/v2\/users\/1775"}],"replies":[{"embeddable":true,"href":"https:\/\/linitiative.ca\/International\/wp-json\/wp\/v2\/comments?post=69217"}],"version-history":[{"count":0,"href":"https:\/\/linitiative.ca\/International\/wp-json\/wp\/v2\/posts\/69217\/revisions"}],"wp:attachment":[{"href":"https:\/\/linitiative.ca\/International\/wp-json\/wp\/v2\/media?parent=69217"}],"wp:term":[{"taxonomy":"category","embeddable":true,"href":"https:\/\/linitiative.ca\/International\/wp-json\/wp\/v2\/categories?post=69217"},{"taxonomy":"post_tag","embeddable":true,"href":"https:\/\/linitiative.ca\/International\/wp-json\/wp\/v2\/tags?post=69217"}],"curies":[{"name":"wp","href":"https:\/\/api.w.org\/{rel}","templated":true}]}}