{"id":69222,"date":"2019-12-03T11:03:00","date_gmt":"2019-12-03T16:03:00","guid":{"rendered":"https:\/\/linitiative.ca\/International\/les-etudiants-appuient-lappel-a-la-greve-generale-pour-le-8-decembre\/"},"modified":"2019-12-03T11:03:00","modified_gmt":"2019-12-03T16:03:00","slug":"les-etudiants-appuient-lappel-a-la-greve-generale-pour-le-8-decembre","status":"publish","type":"post","link":"https:\/\/linitiative.ca\/International\/les-etudiants-appuient-lappel-a-la-greve-generale-pour-le-8-decembre\/","title":{"rendered":"Les \u00e9tudiants appuient l\u2019appel \u00e0 la gr\u00e8ve g\u00e9n\u00e9rale pour le 8 d\u00e9cembre"},"content":{"rendered":"<div id=\"originalText\" readability=\"67\">\n<p>Pour leur \u00a041e marche,\u00a0 les \u00e9tudiants ont investi par milliers les rues d\u2019Alger, pour r\u00e9clamer le d\u00e9part de tout le syst\u00e8me.<\/p>\n<p>En effet, peu avant 11h, ils \u00e9taient d\u00e9j\u00e0 des centaines, arm\u00e9s de leurs drapeaux et pancartes, \u00e0 entamer leur marche \u00e0 partir de la Place des martyrs, appuy\u00e9s par des\u00a0 citoyens de tous bords, notamment\u00a0 de vieilles dames et des messieurs \u00e2g\u00e9s.<\/p>\n<p>Mais \u00e0 mesure que les manifestants progressaient dans leur marche, leurs rangs grossissaient. C\u2019est ainsi que, arriv\u00e9s \u00e0 hauteur de\u00a0 l\u2019avenue\u00a0 Pasteur, leur nombre se comptait d\u00e9j\u00e0 par milliers. \u00a0\u00a0<\/p>\n<p>Cot\u00e9 slogans, les \u00e9tudiants ont r\u00e9it\u00e9r\u00e9 leur rejet du scrutin pr\u00e9sidentiel du 12 d\u00e9cembre, \u00a0en scandant \u00ab\u00a012-12 non-\u00e9v\u00e8nement\u00a0\u00bb et autres chants \u00a0qui ont fait vibrer les ruelles du centre de la capitale.<\/p>\n<p class=\"c8\"><img decoding=\"async\" alt=\"\" src=\"\/data\/upload\/78575430_701879340640619_3025667965971333120_n.jpg\" class=\"c6\"\/><span class=\"c7\">\u00a9\u00a0<\/span><span class=\"c7\">Sihem Benmalek<\/span><\/p>\n<p>L\u2019appel \u00e0 une gr\u00e8ve g\u00e9n\u00e9rale pour le 8 d\u00e9cembre, lanc\u00e9\u00a0 il y a quelques jours sur les r\u00e9seaux sociaux, a \u00e9t\u00e9 largement repris aujourd\u2019hui par les manifestants, aussi bien sur leurs pancartes que dans leurs slogans. \u00a0\u00a0<\/p>\n<p>La manifestation s\u2019est cl\u00f4tur\u00e9e dans le calme. Aucune arrestation n\u2019a \u00e9t\u00e9 enregistr\u00e9e.<\/p>\n<p><iframe loading=\"lazy\" allow=\"accelerometer; autoplay; encrypted-media; gyroscope; picture-in-picture\" allowfullscreen=\"\" frameborder=\"0\" height=\"315\" src=\"https:\/\/www.youtube.com\/embed\/prJIzRC76O8\" width=\"560\">[embedded content]<\/iframe><\/p>\n<p class=\"c9\"><strong>kenza Sifi<\/strong><\/p>\n<\/div>\n<div id=\"text_core\" readability=\"67\">\n<p>Pour leur \u00a041e marche,\u00a0 les \u00e9tudiants ont investi par milliers les rues d\u2019Alger, pour r\u00e9clamer le d\u00e9part de tout le syst\u00e8me.<\/p>\n<p>En effet, peu avant 11h, ils \u00e9taient d\u00e9j\u00e0 des centaines, arm\u00e9s de leurs drapeaux et pancartes, \u00e0 entamer leur marche \u00e0 partir de la Place des martyrs, appuy\u00e9s par des\u00a0 citoyens de tous bords, notamment\u00a0 de vieilles dames et des messieurs \u00e2g\u00e9s.<\/p>\n<p>Mais \u00e0 mesure que les manifestants progressaient dans leur marche, leurs rangs grossissaient. C\u2019est ainsi que, arriv\u00e9s \u00e0 hauteur de\u00a0 l\u2019avenue\u00a0 Pasteur, leur nombre se comptait d\u00e9j\u00e0 par milliers. \u00a0\u00a0<\/p>\n<p>Cot\u00e9 slogans, les \u00e9tudiants ont r\u00e9it\u00e9r\u00e9 leur rejet du scrutin pr\u00e9sidentiel du 12 d\u00e9cembre, \u00a0en scandant \u00ab\u00a012-12 non-\u00e9v\u00e8nement\u00a0\u00bb et autres chants \u00a0qui ont fait vibrer les ruelles du centre de la capitale.<\/p>\n<p class=\"c8\"><img decoding=\"async\" alt=\"\" src=\"\/data\/upload\/78575430_701879340640619_3025667965971333120_n.jpg\" class=\"c6\"\/><span class=\"c7\">\u00a9\u00a0<\/span><span class=\"c7\">Sihem Benmalek<\/span><\/p>\n<p>L\u2019appel \u00e0 une gr\u00e8ve g\u00e9n\u00e9rale pour le 8 d\u00e9cembre, lanc\u00e9\u00a0 il y a quelques jours sur les r\u00e9seaux sociaux, a \u00e9t\u00e9 largement repris aujourd\u2019hui par les manifestants, aussi bien sur leurs pancartes que dans leurs slogans. \u00a0\u00a0<\/p>\n<p>La manifestation s\u2019est cl\u00f4tur\u00e9e dans le calme. Aucune arrestation n\u2019a \u00e9t\u00e9 enregistr\u00e9e.<\/p>\n<p><iframe loading=\"lazy\" allow=\"accelerometer; autoplay; encrypted-media; gyroscope; picture-in-picture\" allowfullscreen=\"\" frameborder=\"0\" height=\"315\" src=\"https:\/\/www.youtube.com\/embed\/prJIzRC76O8\" width=\"560\">[embedded content]<\/iframe><\/p>\n<p class=\"c9\"><strong>kenza Sifi<\/strong><\/p>\n<\/div>\n<p>Auteur:<br \/>\n<a href=\"https:\/\/www.liberte-algerie.com\/actualite\/les-etudiants-appuient-lappel-a-la-greve-generale-pour-le-8-decembre-329366\">Cliquez ici pour lire l&rsquo;article depuis sa source.<\/a><\/p>\n","protected":false},"excerpt":{"rendered":"<p>Pour leur \u00a041e marche,\u00a0 les \u00e9tudiants ont investi par milliers les rues d\u2019Alger, pour r\u00e9clamer le d\u00e9part de tout le syst\u00e8me. En effet, peu avant 11h, ils \u00e9taient d\u00e9j\u00e0 des centaines, arm\u00e9s de leurs drapeaux et pancartes, \u00e0 entamer leur marche \u00e0 partir de la Place des martyrs, appuy\u00e9s par des\u00a0 citoyens de tous bords, [&hellip;]<\/p>\n","protected":false},"author":1742,"featured_media":69223,"comment_status":"closed","ping_status":"closed","sticky":false,"template":"","format":"standard","meta":{"fifu_image_url":"","fifu_image_alt":"","footnotes":""},"categories":[73,53],"tags":[],"class_list":["post-69222","post","type-post","status-publish","format-standard","has-post-thumbnail","hentry","category-actualite","category-algerie"],"_links":{"self":[{"href":"https:\/\/linitiative.ca\/International\/wp-json\/wp\/v2\/posts\/69222","targetHints":{"allow":["GET"]}}],"collection":[{"href":"https:\/\/linitiative.ca\/International\/wp-json\/wp\/v2\/posts"}],"about":[{"href":"https:\/\/linitiative.ca\/International\/wp-json\/wp\/v2\/types\/post"}],"author":[{"embeddable":true,"href":"https:\/\/linitiative.ca\/International\/wp-json\/wp\/v2\/users\/1742"}],"replies":[{"embeddable":true,"href":"https:\/\/linitiative.ca\/International\/wp-json\/wp\/v2\/comments?post=69222"}],"version-history":[{"count":0,"href":"https:\/\/linitiative.ca\/International\/wp-json\/wp\/v2\/posts\/69222\/revisions"}],"wp:featuredmedia":[{"embeddable":true,"href":"https:\/\/linitiative.ca\/International\/wp-json\/"}],"wp:attachment":[{"href":"https:\/\/linitiative.ca\/International\/wp-json\/wp\/v2\/media?parent=69222"}],"wp:term":[{"taxonomy":"category","embeddable":true,"href":"https:\/\/linitiative.ca\/International\/wp-json\/wp\/v2\/categories?post=69222"},{"taxonomy":"post_tag","embeddable":true,"href":"https:\/\/linitiative.ca\/International\/wp-json\/wp\/v2\/tags?post=69222"}],"curies":[{"name":"wp","href":"https:\/\/api.w.org\/{rel}","templated":true}]}}