{"id":69225,"date":"2019-12-03T04:15:44","date_gmt":"2019-12-03T09:15:44","guid":{"rendered":"https:\/\/linitiative.ca\/International\/arrestation-dun-jeune-pour-des-actes-criminels\/"},"modified":"2019-12-03T04:15:44","modified_gmt":"2019-12-03T09:15:44","slug":"arrestation-dun-jeune-pour-des-actes-criminels","status":"publish","type":"post","link":"https:\/\/linitiative.ca\/International\/arrestation-dun-jeune-pour-des-actes-criminels\/","title":{"rendered":"Arrestation d\u2019un jeune pour des actes criminels"},"content":{"rendered":"<div class=\"single-featured\"><img alt=\"\" data-src=\"http:\/\/www.mapmarrakech.ma\/map\/uploads\/2019\/10\/arrestation.jpg\"\/><\/div>\n<div class=\"single-post-excerpt post-excerpt-bc\" readability=\"37\">\n<p>Chichaoua \u2013 Les \u00e9l\u00e9ments de la police judiciaire relevant du district provincial de la S\u00fbret\u00e9 \u00e0 Chichaoua ont proc\u00e9d\u00e9, r\u00e9cemment, \u00e0 l\u2019arrestation d\u2019un jeune de 18 ans pour son implication pr\u00e9sum\u00e9e dans une affaire d\u2019incitation \u00e0 commettre des actes criminels et de possession d\u2019armes blanches susceptibles de menacer la s\u00e9curit\u00e9 des citoyens.<\/p>\n<\/div>\n<div class=\"entry-content clearfix single-post-content\" readability=\"48\">\n<p>Selon une source polici\u00e8re, les services de la police de Chichaoua ont interagi avec c\u00e9l\u00e9rit\u00e9 et s\u00e9rieux, suite \u00e0 la publication sur les r\u00e9seaux sociaux de photos montrant deux individus en train de brandir des armes blanches et de consommer de la drogue dans une situation \u00e0 m\u00eame d\u2019affecter le sentiment de s\u00e9curit\u00e9 chez les citoyens.<\/p>\n<p>Les recherches intenses et les investigations approfondies men\u00e9es sur la base de ces photos ont permis d\u2019identifier et d\u2019appr\u00e9hender l\u2019un des mis en cause, alors que l\u2019enqu\u00eate se poursuit en vue d\u2019identifier le deuxi\u00e8me.<\/p>\n<p>Le pr\u00e9venu interpell\u00e9 a \u00e9t\u00e9 plac\u00e9 en garde \u00e0 vue \u00e0 la disposition de l\u2019enqu\u00eate, sous la supervision du Parquet g\u00e9n\u00e9ral comp\u00e9tent, afin de d\u00e9terminer les diff\u00e9rents actes criminels qui lui sont reproch\u00e9s.<\/p>\n<\/div>\n<p>Auteur: Meriem IGASS<br \/>\n<a href=\"http:\/\/www.mapmarrakech.ma\/fr\/arrestation-dun-jeune-pour-incitation-a-commettre-des-actes-criminels\/\">Cliquez ici pour lire l&rsquo;article depuis sa source.<\/a><\/p>\n","protected":false},"excerpt":{"rendered":"<p>Chichaoua \u2013 Les \u00e9l\u00e9ments de la police judiciaire relevant du district provincial de la S\u00fbret\u00e9 \u00e0 Chichaoua ont proc\u00e9d\u00e9, r\u00e9cemment, \u00e0 l\u2019arrestation d\u2019un jeune de 18 ans pour son implication pr\u00e9sum\u00e9e dans une affaire d\u2019incitation \u00e0 commettre des actes criminels et de possession d\u2019armes blanches susceptibles de menacer la s\u00e9curit\u00e9 des citoyens. Selon une source [&hellip;]<\/p>\n","protected":false},"author":1788,"featured_media":69226,"comment_status":"closed","ping_status":"closed","sticky":false,"template":"","format":"standard","meta":{"fifu_image_url":"","fifu_image_alt":"","footnotes":""},"categories":[54,76],"tags":[],"class_list":["post-69225","post","type-post","status-publish","format-standard","has-post-thumbnail","hentry","category-maroc","category-regions"],"_links":{"self":[{"href":"https:\/\/linitiative.ca\/International\/wp-json\/wp\/v2\/posts\/69225","targetHints":{"allow":["GET"]}}],"collection":[{"href":"https:\/\/linitiative.ca\/International\/wp-json\/wp\/v2\/posts"}],"about":[{"href":"https:\/\/linitiative.ca\/International\/wp-json\/wp\/v2\/types\/post"}],"author":[{"embeddable":true,"href":"https:\/\/linitiative.ca\/International\/wp-json\/wp\/v2\/users\/1788"}],"replies":[{"embeddable":true,"href":"https:\/\/linitiative.ca\/International\/wp-json\/wp\/v2\/comments?post=69225"}],"version-history":[{"count":0,"href":"https:\/\/linitiative.ca\/International\/wp-json\/wp\/v2\/posts\/69225\/revisions"}],"wp:featuredmedia":[{"embeddable":true,"href":"https:\/\/linitiative.ca\/International\/wp-json\/"}],"wp:attachment":[{"href":"https:\/\/linitiative.ca\/International\/wp-json\/wp\/v2\/media?parent=69225"}],"wp:term":[{"taxonomy":"category","embeddable":true,"href":"https:\/\/linitiative.ca\/International\/wp-json\/wp\/v2\/categories?post=69225"},{"taxonomy":"post_tag","embeddable":true,"href":"https:\/\/linitiative.ca\/International\/wp-json\/wp\/v2\/tags?post=69225"}],"curies":[{"name":"wp","href":"https:\/\/api.w.org\/{rel}","templated":true}]}}