{"id":69227,"date":"2019-12-03T04:45:39","date_gmt":"2019-12-03T09:45:39","guid":{"rendered":"https:\/\/linitiative.ca\/International\/sar-la-princesse-lalla-hasnaa-preside-un-diner-offert-par-sm-le-roi-a-loccasion-de-louverture-officielle-de-la-18e-edition-du-festival-international-du-film-de-marrakech\/"},"modified":"2019-12-03T04:45:39","modified_gmt":"2019-12-03T09:45:39","slug":"sar-la-princesse-lalla-hasnaa-preside-un-diner-offert-par-sm-le-roi-a-loccasion-de-louverture-officielle-de-la-18e-edition-du-festival-international-du-film-de-marrakech","status":"publish","type":"post","link":"https:\/\/linitiative.ca\/International\/sar-la-princesse-lalla-hasnaa-preside-un-diner-offert-par-sm-le-roi-a-loccasion-de-louverture-officielle-de-la-18e-edition-du-festival-international-du-film-de-marrakech\/","title":{"rendered":"SAR la Princesse Lalla Hasnaa pr\u00e9side un d\u00eener offert par SM le Roi \u00e0 l\u2019occasion de l\u2019ouverture officielle de la 18\u00e8 \u00e9dition du Festival International du Film de Marrakech"},"content":{"rendered":"<p><iframe loading=\"lazy\" width=\"1170\" height=\"658\" src=\"https:\/\/www.youtube.com\/embed\/13u0RVlki7g?feature=oembed\" frameborder=\"0\" allow=\"accelerometer; autoplay; encrypted-media; gyroscope; picture-in-picture\" allowfullscreen=\"\">[embedded content]<\/iframe><\/p>\n<div class=\"single-post-excerpt post-excerpt-bc\" readability=\"38\">\n<p>SAR la Princesse Lalla Hasnaa a pr\u00e9sid\u00e9, samedi au Palais des Congr\u00e8s \u00e0 Marrakech, un d\u00eener offert par Sa Majest\u00e9 le Roi Mohammed VI, Que Dieu L\u2019Assiste, \u00e0 l\u2019occasion de l\u2019ouverture officielle de la 18\u00e8 \u00e9dition du Festival International du Film de Marrakech.<\/p>\n<\/div>\n<p>Auteur: Meriem IGASS<br \/>\n<a href=\"http:\/\/www.mapmarrakech.ma\/fr\/hasnaa\/\">Cliquez ici pour lire l&rsquo;article depuis sa source.<\/a><\/p>\n","protected":false},"excerpt":{"rendered":"<p>[embedded content] SAR la Princesse Lalla Hasnaa a pr\u00e9sid\u00e9, samedi au Palais des Congr\u00e8s \u00e0 Marrakech, un d\u00eener offert par Sa Majest\u00e9 le Roi Mohammed VI, Que Dieu L\u2019Assiste, \u00e0 l\u2019occasion de l\u2019ouverture officielle de la 18\u00e8 \u00e9dition du Festival International du Film de Marrakech. Auteur: Meriem IGASS Cliquez ici pour lire l&rsquo;article depuis sa [&hellip;]<\/p>\n","protected":false},"author":1788,"featured_media":0,"comment_status":"closed","ping_status":"closed","sticky":false,"template":"","format":"standard","meta":{"fifu_image_url":"","fifu_image_alt":"","footnotes":""},"categories":[54,76],"tags":[],"class_list":["post-69227","post","type-post","status-publish","format-standard","hentry","category-maroc","category-regions"],"_links":{"self":[{"href":"https:\/\/linitiative.ca\/International\/wp-json\/wp\/v2\/posts\/69227","targetHints":{"allow":["GET"]}}],"collection":[{"href":"https:\/\/linitiative.ca\/International\/wp-json\/wp\/v2\/posts"}],"about":[{"href":"https:\/\/linitiative.ca\/International\/wp-json\/wp\/v2\/types\/post"}],"author":[{"embeddable":true,"href":"https:\/\/linitiative.ca\/International\/wp-json\/wp\/v2\/users\/1788"}],"replies":[{"embeddable":true,"href":"https:\/\/linitiative.ca\/International\/wp-json\/wp\/v2\/comments?post=69227"}],"version-history":[{"count":0,"href":"https:\/\/linitiative.ca\/International\/wp-json\/wp\/v2\/posts\/69227\/revisions"}],"wp:attachment":[{"href":"https:\/\/linitiative.ca\/International\/wp-json\/wp\/v2\/media?parent=69227"}],"wp:term":[{"taxonomy":"category","embeddable":true,"href":"https:\/\/linitiative.ca\/International\/wp-json\/wp\/v2\/categories?post=69227"},{"taxonomy":"post_tag","embeddable":true,"href":"https:\/\/linitiative.ca\/International\/wp-json\/wp\/v2\/tags?post=69227"}],"curies":[{"name":"wp","href":"https:\/\/api.w.org\/{rel}","templated":true}]}}