{"id":69229,"date":"2019-12-03T10:07:48","date_gmt":"2019-12-03T15:07:48","guid":{"rendered":"https:\/\/linitiative.ca\/International\/arrestation-dun-individu-pour-trafic-de-drogues-et-de-psychotropes\/"},"modified":"2019-12-03T10:07:48","modified_gmt":"2019-12-03T15:07:48","slug":"arrestation-dun-individu-pour-trafic-de-drogues-et-de-psychotropes","status":"publish","type":"post","link":"https:\/\/linitiative.ca\/International\/arrestation-dun-individu-pour-trafic-de-drogues-et-de-psychotropes\/","title":{"rendered":"Arrestation d\u2019un individu pour trafic de drogues et de psychotropes"},"content":{"rendered":"<div class=\"single-featured\"><img alt=\"\" data-src=\"http:\/\/www.mapmarrakech.ma\/map\/uploads\/2019\/12\/policemarrakechnouvelle.jpg\"\/><\/div>\n<div class=\"single-post-excerpt post-excerpt-bc\" readability=\"36\">\n<p>Marrakech \u2013 La Brigade antidrogue relevant du Service pr\u00e9fectoral de la police judiciaire de Marrakech a proc\u00e9d\u00e9, lundi, \u00e0 l\u2019arrestation d\u2019un individu pour trafic de drogues et de psychotropes.<\/p>\n<\/div>\n<div class=\"entry-content clearfix single-post-content\" readability=\"58\">\n<p>Selon une source polici\u00e8re, ladite Brigade a mis sous surveillance le mis en cause qui s\u2019activait au niveau du quartier Berradi 3, ce qui a permis son interpellation en flagrant d\u00e9lit de possession de 120 psychotropes pr\u00eats \u00e0 \u00eatre \u00e9coul\u00e9s.<\/p>\n<p>Et la m\u00eame source de pr\u00e9ciser qu\u2019il a \u00e9t\u00e9 proc\u00e9d\u00e9, en coordination avec le Parquet g\u00e9n\u00e9ral comp\u00e9tent, \u00e0 la perquisition l\u00e9gale du domicile du pr\u00e9venu, qui s\u2019est sold\u00e9e par la saisie, pour les besoins de l\u2019enqu\u00eate, de 280 psychotropes suppl\u00e9mentaires de type \u00ab\u00a0ecstasy rivotril\u00a0\u00bb, d\u2019un morceau de chira et d\u2019un smartphone que le mis en cause utilisait pour communiquer avec ses clients.<\/p>\n<p>Le pr\u00e9venu a \u00e9t\u00e9 plac\u00e9 en garde \u00e0 vue pour les besoins de l\u2019enqu\u00eate avant d\u2019\u00eatre d\u00e9f\u00e9r\u00e9 devant la justice, alors que les investigations se poursuivent pour l\u2019arrestation de son principal fournisseur et d\u2019\u00e9ventuels complices dans le cadre de cette affaire.<\/p>\n<p>Cette op\u00e9ration s\u2019inscrit dans le cadre de l\u2019action s\u00e9curitaire de routine men\u00e9e par les services de la pr\u00e9fecture de police de la cit\u00e9 ocre, bas\u00e9e essentiellement sur la communication directe et sur le terrain avec les acteurs de la soci\u00e9t\u00e9 civile en vue d\u2019interagir positivement avec les pr\u00e9occupations des habitants et de satisfaire leurs attentes sur le plan s\u00e9curitaire.<\/p>\n<\/div>\n<p>Auteur: Meriem IGASS<br \/>\n<a href=\"http:\/\/www.mapmarrakech.ma\/fr\/arrestation-dun-individu-pour-trafic-de-drogues-et-de-psychotropes\/\">Cliquez ici pour lire l&rsquo;article depuis sa source.<\/a><\/p>\n","protected":false},"excerpt":{"rendered":"<p>Marrakech \u2013 La Brigade antidrogue relevant du Service pr\u00e9fectoral de la police judiciaire de Marrakech a proc\u00e9d\u00e9, lundi, \u00e0 l\u2019arrestation d\u2019un individu pour trafic de drogues et de psychotropes. Selon une source polici\u00e8re, ladite Brigade a mis sous surveillance le mis en cause qui s\u2019activait au niveau du quartier Berradi 3, ce qui a permis [&hellip;]<\/p>\n","protected":false},"author":1788,"featured_media":69230,"comment_status":"closed","ping_status":"closed","sticky":false,"template":"","format":"standard","meta":{"fifu_image_url":"","fifu_image_alt":"","footnotes":""},"categories":[54,76],"tags":[],"class_list":["post-69229","post","type-post","status-publish","format-standard","has-post-thumbnail","hentry","category-maroc","category-regions"],"_links":{"self":[{"href":"https:\/\/linitiative.ca\/International\/wp-json\/wp\/v2\/posts\/69229","targetHints":{"allow":["GET"]}}],"collection":[{"href":"https:\/\/linitiative.ca\/International\/wp-json\/wp\/v2\/posts"}],"about":[{"href":"https:\/\/linitiative.ca\/International\/wp-json\/wp\/v2\/types\/post"}],"author":[{"embeddable":true,"href":"https:\/\/linitiative.ca\/International\/wp-json\/wp\/v2\/users\/1788"}],"replies":[{"embeddable":true,"href":"https:\/\/linitiative.ca\/International\/wp-json\/wp\/v2\/comments?post=69229"}],"version-history":[{"count":0,"href":"https:\/\/linitiative.ca\/International\/wp-json\/wp\/v2\/posts\/69229\/revisions"}],"wp:featuredmedia":[{"embeddable":true,"href":"https:\/\/linitiative.ca\/International\/wp-json\/"}],"wp:attachment":[{"href":"https:\/\/linitiative.ca\/International\/wp-json\/wp\/v2\/media?parent=69229"}],"wp:term":[{"taxonomy":"category","embeddable":true,"href":"https:\/\/linitiative.ca\/International\/wp-json\/wp\/v2\/categories?post=69229"},{"taxonomy":"post_tag","embeddable":true,"href":"https:\/\/linitiative.ca\/International\/wp-json\/wp\/v2\/tags?post=69229"}],"curies":[{"name":"wp","href":"https:\/\/api.w.org\/{rel}","templated":true}]}}