{"id":69234,"date":"2019-12-03T07:10:29","date_gmt":"2019-12-03T12:10:29","guid":{"rendered":"https:\/\/linitiative.ca\/International\/marche-a-blida-pour-denoncer-lingerence-etrangere-et-appeler-a-participer-a-lelection-presidentielle-pour-lalgerie\/"},"modified":"2019-12-03T07:10:29","modified_gmt":"2019-12-03T12:10:29","slug":"marche-a-blida-pour-denoncer-lingerence-etrangere-et-appeler-a-participer-a-lelection-presidentielle-pour-lalgerie","status":"publish","type":"post","link":"https:\/\/linitiative.ca\/International\/marche-a-blida-pour-denoncer-lingerence-etrangere-et-appeler-a-participer-a-lelection-presidentielle-pour-lalgerie\/","title":{"rendered":"Marche \u00e0 Blida pour d\u00e9noncer l\u2019ing\u00e9rence \u00e9trang\u00e8re et appeler \u00e0 participer \u00e0 l&rsquo;\u00e9lection pr\u00e9sidentielle pour l\u2019Alg\u00e9rie"},"content":{"rendered":"<div readability=\"37\">\n<p><strong>BLIDA &#8211; Les citoyens de Blida ont organis\u00e9, mardi, une marche pour d\u00e9noncer l\u2019ing\u00e9rence \u00e9trang\u00e8re, tout en affirmant l\u2019imp\u00e9rative participation \u00e0 la prochaine \u00e9lection pr\u00e9sidentielle pour l\u2019Alg\u00e9rie.<\/strong><\/p>\n<\/div>\n<div readability=\"66\">\n<p>La marche, constitu\u00e9e de citoyens et travailleurs de diff\u00e9rents secteurs d\u2018activit\u00e9s, administrations et associations de la soci\u00e9t\u00e9 civile, s\u2019est \u00e9branl\u00e9e \u00e0 partir de la place de la libert\u00e9, vers le si\u00e8ge de wilaya, en passant par le boulevard \u00ab\u00a0Larbi Tebessi\u00a0\u00bb du centre ville. Les manifestants brandissaient des banderoles d\u00e9non\u00e7ant l\u2019ing\u00e9rence \u00e9trang\u00e8re, tout en scandant de nombreux slogans, dont \u00ab\u00a0Non \u00e0 l\u2019ing\u00e9rence \u00e9trang\u00e8re\u00a0\u00bb, \u00ab\u00a0Non \u00e0 l\u2019ing\u00e9rence europ\u00e9enne dans les affaires internes\u00a0\u00bb, \u00ab\u00a0l\u2019Alg\u00e9rie, un pays souverain qui n\u2019accepte pas de s\u2019incliner devant l\u2019\u00e9tranger\u00a0\u00bb, \u00ab\u00a0Ne vous immiscez pas dans nos affaires familiales\u00a0\u00bb.<\/p>\n<p>Les participants \u00e0 cette marche, qui brandissaient, \u00e9galement, l\u2019embl\u00e8me national et entonnaient des chants nationaux, ont r\u00e9it\u00e9r\u00e9 la n\u00e9cessit\u00e9 de \u00ab\u00a0participer en force aux \u00e9lections du 12 d\u00e9cembre en cours\u00a0\u00bb en vue, ont-ils dit, \u00ab\u00a0d\u2019affirmer au monde la souverainet\u00e9 nationale et mettre un terme aux ing\u00e9rences \u00e9trang\u00e8res et aux man\u0153uvres malveillantes tiss\u00e9es contre notre pays\u00a0\u00bb.<\/p>\n<p>Ils ont, aussi, lou\u00e9 les efforts consentis par l\u2019Arm\u00e9e nationale populaire (ANP) \u00ab\u00a0protectrice de la Nation\u00a0\u00bb et \u00ab\u00a0rempart du pays\u00a0\u00bb, tout en r\u00e9it\u00e9rant le slogan, \u00ab\u00a0Djeich Chaab, Khaoua Khaoua\u00a0\u00bb (l&rsquo;arm\u00e9e et le peuple sont des fr\u00e8res).<\/p>\n<\/div>\n<p>Auteur:<br \/>\n<a href=\"http:\/\/www.aps.dz\/regions\/98393-marche-a-blida-pour-denoncer-l-ingerence-etrangere-et-appeler-a-participer-a-l-election-presidentielle-pour-l-algerie\">Cliquez ici pour lire l&rsquo;article depuis sa source.<\/a><\/p>\n","protected":false},"excerpt":{"rendered":"<p>BLIDA &#8211; Les citoyens de Blida ont organis\u00e9, mardi, une marche pour d\u00e9noncer l\u2019ing\u00e9rence \u00e9trang\u00e8re, tout en affirmant l\u2019imp\u00e9rative participation \u00e0 la prochaine \u00e9lection pr\u00e9sidentielle pour l\u2019Alg\u00e9rie. La marche, constitu\u00e9e de citoyens et travailleurs de diff\u00e9rents secteurs d\u2018activit\u00e9s, administrations et associations de la soci\u00e9t\u00e9 civile, s\u2019est \u00e9branl\u00e9e \u00e0 partir de la place de la libert\u00e9, [&hellip;]<\/p>\n","protected":false},"author":1790,"featured_media":0,"comment_status":"closed","ping_status":"closed","sticky":false,"template":"","format":"standard","meta":{"fifu_image_url":"","fifu_image_alt":"","footnotes":""},"categories":[53,76],"tags":[],"class_list":["post-69234","post","type-post","status-publish","format-standard","hentry","category-algerie","category-regions"],"_links":{"self":[{"href":"https:\/\/linitiative.ca\/International\/wp-json\/wp\/v2\/posts\/69234","targetHints":{"allow":["GET"]}}],"collection":[{"href":"https:\/\/linitiative.ca\/International\/wp-json\/wp\/v2\/posts"}],"about":[{"href":"https:\/\/linitiative.ca\/International\/wp-json\/wp\/v2\/types\/post"}],"author":[{"embeddable":true,"href":"https:\/\/linitiative.ca\/International\/wp-json\/wp\/v2\/users\/1790"}],"replies":[{"embeddable":true,"href":"https:\/\/linitiative.ca\/International\/wp-json\/wp\/v2\/comments?post=69234"}],"version-history":[{"count":0,"href":"https:\/\/linitiative.ca\/International\/wp-json\/wp\/v2\/posts\/69234\/revisions"}],"wp:attachment":[{"href":"https:\/\/linitiative.ca\/International\/wp-json\/wp\/v2\/media?parent=69234"}],"wp:term":[{"taxonomy":"category","embeddable":true,"href":"https:\/\/linitiative.ca\/International\/wp-json\/wp\/v2\/categories?post=69234"},{"taxonomy":"post_tag","embeddable":true,"href":"https:\/\/linitiative.ca\/International\/wp-json\/wp\/v2\/tags?post=69234"}],"curies":[{"name":"wp","href":"https:\/\/api.w.org\/{rel}","templated":true}]}}