{"id":69236,"date":"2019-12-02T15:04:41","date_gmt":"2019-12-02T20:04:41","guid":{"rendered":"https:\/\/linitiative.ca\/International\/un-individu-arrete-pour-viol-sous-la-menace-de-violence\/"},"modified":"2019-12-02T15:04:41","modified_gmt":"2019-12-02T20:04:41","slug":"un-individu-arrete-pour-viol-sous-la-menace-de-violence","status":"publish","type":"post","link":"https:\/\/linitiative.ca\/International\/un-individu-arrete-pour-viol-sous-la-menace-de-violence\/","title":{"rendered":"Un individu arr\u00eat\u00e9 pour viol sous la menace de violence"},"content":{"rendered":"<div class=\"single-featured\"><img alt=\"\" data-src=\"http:\/\/www.mapoujda.ma\/map\/uploads\/2019\/07\/Arrestation-DGSN.jpg\"\/><\/div>\n<div class=\"entry-content clearfix single-post-content\" readability=\"63\">\n<p class=\"c4\">Les \u00e9l\u00e9ments de la brigade de la police judiciaire de\u00a0Nador, ont arr\u00eat\u00e9 lundi, sur la base d\u2019informations pr\u00e9cises fournies par les services de la Direction g\u00e9n\u00e9rale de la surveillance du territoire, un individu \u00e2g\u00e9 de 23 ans aux multiples ant\u00e9c\u00e9dents judiciaires, pour son implication pr\u00e9sum\u00e9e dans une affaire relative \u00e0 la s\u00e9questration et au viol sous la menace de violence.<\/p>\n<p class=\"c4\">Les services de la s\u00fbret\u00e9 nationale de Sefrou avaient re\u00e7u, le 21 novembre, une plainte de la part d\u2019une femme de 30 ans accusant une personne, non identifi\u00e9e, de s\u00e9questration et de viol sous la menace de violence, indique un communiqu\u00e9 de la Direction g\u00e9n\u00e9rale de la s\u00fbret\u00e9 nationale (DGSN), pr\u00e9cisant que les recherches et investigations ont permis d\u2019identifier le suspect et d\u2019\u00e9mettre un avis de recherche \u00e0 son encontre au niveau national.<\/p>\n<p class=\"c4\">Les recherches et d\u2019investigation men\u00e9es ont permis de d\u00e9terminer le lieu o\u00f9 se trouvait le suspect au village \u00ab\u00a0Jemaa Ben Tayeb\u00a0\u00bb relevant de la province de Driouch, ajoute la m\u00eame source, notant qu\u2019il avait pris la fuite juste apr\u00e8s avoir commis ces actes criminels.<\/p>\n<p class=\"c4\">Le pr\u00e9venu a \u00e9t\u00e9 remis \u00e0 la brigade de la police judiciaire de Sefrou pour les besoins de l\u2019enqu\u00eate men\u00e9e sous la supervision du parquet comp\u00e9tent, afin d\u2019\u00e9lucider les tenants et aboutissants de cette affaire, ainsi que les motifs de cet acte criminel, conclut le communiqu\u00e9.<\/p>\n<\/div>\n<p>Auteur: Soufiane ELAHMAR<br \/>\n<a href=\"http:\/\/www.mapoujda.ma\/fr\/un-individu-arrete-pour-viol-sous-la-menace-de-violence\/\">Cliquez ici pour lire l&rsquo;article depuis sa source.<\/a><\/p>\n","protected":false},"excerpt":{"rendered":"<p>Les \u00e9l\u00e9ments de la brigade de la police judiciaire de\u00a0Nador, ont arr\u00eat\u00e9 lundi, sur la base d\u2019informations pr\u00e9cises fournies par les services de la Direction g\u00e9n\u00e9rale de la surveillance du territoire, un individu \u00e2g\u00e9 de 23 ans aux multiples ant\u00e9c\u00e9dents judiciaires, pour son implication pr\u00e9sum\u00e9e dans une affaire relative \u00e0 la s\u00e9questration et au viol [&hellip;]<\/p>\n","protected":false},"author":1788,"featured_media":69237,"comment_status":"closed","ping_status":"closed","sticky":false,"template":"","format":"standard","meta":{"fifu_image_url":"","fifu_image_alt":"","footnotes":""},"categories":[54,76],"tags":[],"class_list":["post-69236","post","type-post","status-publish","format-standard","has-post-thumbnail","hentry","category-maroc","category-regions"],"_links":{"self":[{"href":"https:\/\/linitiative.ca\/International\/wp-json\/wp\/v2\/posts\/69236","targetHints":{"allow":["GET"]}}],"collection":[{"href":"https:\/\/linitiative.ca\/International\/wp-json\/wp\/v2\/posts"}],"about":[{"href":"https:\/\/linitiative.ca\/International\/wp-json\/wp\/v2\/types\/post"}],"author":[{"embeddable":true,"href":"https:\/\/linitiative.ca\/International\/wp-json\/wp\/v2\/users\/1788"}],"replies":[{"embeddable":true,"href":"https:\/\/linitiative.ca\/International\/wp-json\/wp\/v2\/comments?post=69236"}],"version-history":[{"count":0,"href":"https:\/\/linitiative.ca\/International\/wp-json\/wp\/v2\/posts\/69236\/revisions"}],"wp:featuredmedia":[{"embeddable":true,"href":"https:\/\/linitiative.ca\/International\/wp-json\/"}],"wp:attachment":[{"href":"https:\/\/linitiative.ca\/International\/wp-json\/wp\/v2\/media?parent=69236"}],"wp:term":[{"taxonomy":"category","embeddable":true,"href":"https:\/\/linitiative.ca\/International\/wp-json\/wp\/v2\/categories?post=69236"},{"taxonomy":"post_tag","embeddable":true,"href":"https:\/\/linitiative.ca\/International\/wp-json\/wp\/v2\/tags?post=69236"}],"curies":[{"name":"wp","href":"https:\/\/api.w.org\/{rel}","templated":true}]}}