{"id":69240,"date":"2019-12-03T15:14:48","date_gmt":"2019-12-03T20:14:48","guid":{"rendered":"https:\/\/linitiative.ca\/International\/pros-bensebaini-et-bennacer-dans-lequipe-type-des-joueurs-africains-evoluant-en-europe\/"},"modified":"2019-12-03T15:14:48","modified_gmt":"2019-12-03T20:14:48","slug":"pros-bensebaini-et-bennacer-dans-lequipe-type-des-joueurs-africains-evoluant-en-europe","status":"publish","type":"post","link":"https:\/\/linitiative.ca\/International\/pros-bensebaini-et-bennacer-dans-lequipe-type-des-joueurs-africains-evoluant-en-europe\/","title":{"rendered":"Pros : Bensebaini et Bennacer dans l\u2019\u00e9quipe-type des joueurs africains \u00e9voluant en Europe"},"content":{"rendered":"<div readability=\"32\">\n<p>Auteur : <span class=\"time\">mardi 03 d\u00e9cembre 2019 18:53<\/span><\/p>\n<\/div>\n<div id=\"post_core\" readability=\"46\">\n<p>Aujourd\u2019hui, le site football365.fr a d\u00e9voil\u00e9 l\u2019\u00e9quipe type des joueurs africains des cinq grands championnats europ\u00e9ens (Premier League, Liga, Bundesliga, Serie A, Ligue 1) du week-end pr\u00e9c\u00e9dent. Dans ce onze, on retrouve deux joueurs Alg\u00e9riens. Il s\u2019agit du d\u00e9fenseur du Borussia M\u00f6nchengladbach, Ramy Bensebaini ainsi que du joueur milieu de terrain du Milan AC, Isma\u00ebl Bennacer. Le premier a livr\u00e9 une prestation correcte lors de la rencontre qui a mis aux prises son team \u00e0 Fribourg, tandis que le jeune milieu de terrain de Milan a tir\u00e9 son \u00e9pingle du jeu contre Parme.<\/p>\n<p><strong>Publi\u00e9 dans :<\/strong> <span>Bensebaini<\/span> <span>BENNACER<\/span><\/p>\n<\/div>\n<p>Auteur:<br \/>\n<a href=\"http:\/\/www.lebuteur.com\/article\/detail?titre=bensebaini-et-bennacer-dans-lequipe-type-des-joueurs-africains-evoluant-en-europe&#038;id=93348&#038;utm_source=feedburner&#038;utm_medium=feed&#038;utm_campaign=Feed%3A+GalerieFArtciles+%28Les+derniers+articles++-+lebuteur.com%29\">Cliquez ici pour lire l&rsquo;article depuis sa source.<\/a><\/p>\n","protected":false},"excerpt":{"rendered":"<p>Auteur : mardi 03 d\u00e9cembre 2019 18:53 Aujourd\u2019hui, le site football365.fr a d\u00e9voil\u00e9 l\u2019\u00e9quipe type des joueurs africains des cinq grands championnats europ\u00e9ens (Premier League, Liga, Bundesliga, Serie A, Ligue 1) du week-end pr\u00e9c\u00e9dent. Dans ce onze, on retrouve deux joueurs Alg\u00e9riens. Il s\u2019agit du d\u00e9fenseur du Borussia M\u00f6nchengladbach, Ramy Bensebaini ainsi que du joueur [&hellip;]<\/p>\n","protected":false},"author":1738,"featured_media":69241,"comment_status":"closed","ping_status":"closed","sticky":false,"template":"","format":"standard","meta":{"fifu_image_url":"","fifu_image_alt":"","footnotes":""},"categories":[53,75],"tags":[],"class_list":["post-69240","post","type-post","status-publish","format-standard","has-post-thumbnail","hentry","category-algerie","category-sport"],"_links":{"self":[{"href":"https:\/\/linitiative.ca\/International\/wp-json\/wp\/v2\/posts\/69240","targetHints":{"allow":["GET"]}}],"collection":[{"href":"https:\/\/linitiative.ca\/International\/wp-json\/wp\/v2\/posts"}],"about":[{"href":"https:\/\/linitiative.ca\/International\/wp-json\/wp\/v2\/types\/post"}],"author":[{"embeddable":true,"href":"https:\/\/linitiative.ca\/International\/wp-json\/wp\/v2\/users\/1738"}],"replies":[{"embeddable":true,"href":"https:\/\/linitiative.ca\/International\/wp-json\/wp\/v2\/comments?post=69240"}],"version-history":[{"count":0,"href":"https:\/\/linitiative.ca\/International\/wp-json\/wp\/v2\/posts\/69240\/revisions"}],"wp:featuredmedia":[{"embeddable":true,"href":"https:\/\/linitiative.ca\/International\/wp-json\/"}],"wp:attachment":[{"href":"https:\/\/linitiative.ca\/International\/wp-json\/wp\/v2\/media?parent=69240"}],"wp:term":[{"taxonomy":"category","embeddable":true,"href":"https:\/\/linitiative.ca\/International\/wp-json\/wp\/v2\/categories?post=69240"},{"taxonomy":"post_tag","embeddable":true,"href":"https:\/\/linitiative.ca\/International\/wp-json\/wp\/v2\/tags?post=69240"}],"curies":[{"name":"wp","href":"https:\/\/api.w.org\/{rel}","templated":true}]}}