{"id":69242,"date":"2019-12-03T15:14:50","date_gmt":"2019-12-03T20:14:50","guid":{"rendered":"https:\/\/linitiative.ca\/International\/international-le-galatasaray-communique-sur-la-blessure-de-feghouli\/"},"modified":"2019-12-03T15:14:50","modified_gmt":"2019-12-03T20:14:50","slug":"international-le-galatasaray-communique-sur-la-blessure-de-feghouli","status":"publish","type":"post","link":"https:\/\/linitiative.ca\/International\/international-le-galatasaray-communique-sur-la-blessure-de-feghouli\/","title":{"rendered":"International : Le Galatasaray communique sur la blessure de Feghouli"},"content":{"rendered":"<div readability=\"32\">\n<p>Auteur : <span>Riad O.<\/span> <span class=\"time\">mardi 03 d\u00e9cembre 2019 18:54<\/span><\/p>\n<\/div>\n<div id=\"post_core\" readability=\"37\">\n<p>Le club turc du Galatasaray a communiqu\u00e9 sur la blessure de son joueur Alg\u00e9rien, Sofiane Feghouli. Ce dernier a \u00e9t\u00e9 victime d\u2019une blessure lors de la pr\u00e9c\u00e9dente rencontre de la Super Lig contre le Trabzonspor.\u00a0 Selon les r\u00e9sultats des premiers testes m\u00e9dicaux qu\u2019il avait subi, Feghouli souffre d\u2019une blessure au niveau de la cuisse droite. Mais le communiqu\u00e9 du Galatasaray n\u2019a pas r\u00e9v\u00e9l\u00e9 \u00a0la dur\u00e9e d\u2019indisponibilit\u00e9 de son joueur Alg\u00e9rien.<\/p>\n<p><strong>Publi\u00e9 dans :<\/strong> <span>Feghouli<\/span><\/p>\n<\/div>\n<p>Auteur:<br \/>\n<a href=\"http:\/\/www.lebuteur.com\/article\/detail?titre=le-galatasaray-communique-sur-la-blessure-de-feghouli&#038;id=93349&#038;utm_source=feedburner&#038;utm_medium=feed&#038;utm_campaign=Feed%3A+GalerieFArtciles+%28Les+derniers+articles++-+lebuteur.com%29\">Cliquez ici pour lire l&rsquo;article depuis sa source.<\/a><\/p>\n","protected":false},"excerpt":{"rendered":"<p>Auteur : Riad O. mardi 03 d\u00e9cembre 2019 18:54 Le club turc du Galatasaray a communiqu\u00e9 sur la blessure de son joueur Alg\u00e9rien, Sofiane Feghouli. Ce dernier a \u00e9t\u00e9 victime d\u2019une blessure lors de la pr\u00e9c\u00e9dente rencontre de la Super Lig contre le Trabzonspor.\u00a0 Selon les r\u00e9sultats des premiers testes m\u00e9dicaux qu\u2019il avait subi, Feghouli [&hellip;]<\/p>\n","protected":false},"author":1738,"featured_media":69243,"comment_status":"closed","ping_status":"closed","sticky":false,"template":"","format":"standard","meta":{"fifu_image_url":"","fifu_image_alt":"","footnotes":""},"categories":[53,75],"tags":[],"class_list":["post-69242","post","type-post","status-publish","format-standard","has-post-thumbnail","hentry","category-algerie","category-sport"],"_links":{"self":[{"href":"https:\/\/linitiative.ca\/International\/wp-json\/wp\/v2\/posts\/69242","targetHints":{"allow":["GET"]}}],"collection":[{"href":"https:\/\/linitiative.ca\/International\/wp-json\/wp\/v2\/posts"}],"about":[{"href":"https:\/\/linitiative.ca\/International\/wp-json\/wp\/v2\/types\/post"}],"author":[{"embeddable":true,"href":"https:\/\/linitiative.ca\/International\/wp-json\/wp\/v2\/users\/1738"}],"replies":[{"embeddable":true,"href":"https:\/\/linitiative.ca\/International\/wp-json\/wp\/v2\/comments?post=69242"}],"version-history":[{"count":0,"href":"https:\/\/linitiative.ca\/International\/wp-json\/wp\/v2\/posts\/69242\/revisions"}],"wp:featuredmedia":[{"embeddable":true,"href":"https:\/\/linitiative.ca\/International\/wp-json\/"}],"wp:attachment":[{"href":"https:\/\/linitiative.ca\/International\/wp-json\/wp\/v2\/media?parent=69242"}],"wp:term":[{"taxonomy":"category","embeddable":true,"href":"https:\/\/linitiative.ca\/International\/wp-json\/wp\/v2\/categories?post=69242"},{"taxonomy":"post_tag","embeddable":true,"href":"https:\/\/linitiative.ca\/International\/wp-json\/wp\/v2\/tags?post=69242"}],"curies":[{"name":"wp","href":"https:\/\/api.w.org\/{rel}","templated":true}]}}