{"id":69244,"date":"2019-12-03T15:14:51","date_gmt":"2019-12-03T20:14:51","guid":{"rendered":"https:\/\/linitiative.ca\/International\/equipe-dalgerie-bernaoui-pour-moi-mahrez-est-le-meilleur-joueur-au-monde\/"},"modified":"2019-12-03T15:14:51","modified_gmt":"2019-12-03T20:14:51","slug":"equipe-dalgerie-bernaoui-pour-moi-mahrez-est-le-meilleur-joueur-au-monde","status":"publish","type":"post","link":"https:\/\/linitiative.ca\/International\/equipe-dalgerie-bernaoui-pour-moi-mahrez-est-le-meilleur-joueur-au-monde\/","title":{"rendered":"Equipe d&rsquo;Alg\u00e9rie : Bernaoui : \u00abPour moi, Mahrez est le meilleur joueur au monde\u00bb"},"content":{"rendered":"<div readability=\"32\">\n<p>Auteur : <span>Riad O.<\/span> <span class=\"time\">mardi 03 d\u00e9cembre 2019 19:50<\/span><\/p>\n<\/div>\n<div id=\"post_core\" readability=\"44\">\n<p>Le ministre de la Jeunesse et des Sports, Raouf Bernaoui n\u2019a pas tari d\u2019\u00e9loges sur le capitaine de l\u2019EN, Riyad Mahez, le qualifiant de \u00abmeilleur joueur au monde\u00bb:\u00a0\u00abCroyez-moi, je n\u2019ai m\u00eame pas suivi le classement du Ballon d\u2019Or France Football pour la simple e unique raison que cela concerne le football mondial. Personnellement, je ne suis pas un grand fan de foot. Mais pour moi Mahrez est le meilleur joueur au monde.\u00bb\u00a0 a-t-il d\u00e9clar\u00e9, \u00e0 la presse aujourd\u2019hui, avant d\u2019ajouter\u00a0:\u00a0\u00abLa joie que j\u2019ai ressenti apr\u00e8s son but face au Nig\u00e9ria, aucun autre joueur ne peut me la procurer. (\u2026) C\u2019est mon avis personnel, Mahrez est le meilleur joueur au monde.\u00bb Rappelons que Mahrez a termin\u00e9 \u00e0 la 10\u00e8me place du classement du Ballon d\u2019Or France Football 2019.\u00a0\u00a0<\/p>\n<p><strong>Publi\u00e9 dans :<\/strong> <span>Mahrez<\/span><\/p>\n<\/div>\n<p>Auteur:<br \/>\n<a href=\"http:\/\/www.lebuteur.com\/article\/detail?titre=bernaoui-pour-moi-mahrez-est-le-meilleur-joueur-au-monde&#038;id=93350&#038;utm_source=feedburner&#038;utm_medium=feed&#038;utm_campaign=Feed%3A+GalerieFArtciles+%28Les+derniers+articles++-+lebuteur.com%29\">Cliquez ici pour lire l&rsquo;article depuis sa source.<\/a><\/p>\n","protected":false},"excerpt":{"rendered":"<p>Auteur : Riad O. mardi 03 d\u00e9cembre 2019 19:50 Le ministre de la Jeunesse et des Sports, Raouf Bernaoui n\u2019a pas tari d\u2019\u00e9loges sur le capitaine de l\u2019EN, Riyad Mahez, le qualifiant de \u00abmeilleur joueur au monde\u00bb:\u00a0\u00abCroyez-moi, je n\u2019ai m\u00eame pas suivi le classement du Ballon d\u2019Or France Football pour la simple e unique raison [&hellip;]<\/p>\n","protected":false},"author":1738,"featured_media":69245,"comment_status":"closed","ping_status":"closed","sticky":false,"template":"","format":"standard","meta":{"fifu_image_url":"","fifu_image_alt":"","footnotes":""},"categories":[53,75],"tags":[],"class_list":["post-69244","post","type-post","status-publish","format-standard","has-post-thumbnail","hentry","category-algerie","category-sport"],"_links":{"self":[{"href":"https:\/\/linitiative.ca\/International\/wp-json\/wp\/v2\/posts\/69244","targetHints":{"allow":["GET"]}}],"collection":[{"href":"https:\/\/linitiative.ca\/International\/wp-json\/wp\/v2\/posts"}],"about":[{"href":"https:\/\/linitiative.ca\/International\/wp-json\/wp\/v2\/types\/post"}],"author":[{"embeddable":true,"href":"https:\/\/linitiative.ca\/International\/wp-json\/wp\/v2\/users\/1738"}],"replies":[{"embeddable":true,"href":"https:\/\/linitiative.ca\/International\/wp-json\/wp\/v2\/comments?post=69244"}],"version-history":[{"count":0,"href":"https:\/\/linitiative.ca\/International\/wp-json\/wp\/v2\/posts\/69244\/revisions"}],"wp:featuredmedia":[{"embeddable":true,"href":"https:\/\/linitiative.ca\/International\/wp-json\/"}],"wp:attachment":[{"href":"https:\/\/linitiative.ca\/International\/wp-json\/wp\/v2\/media?parent=69244"}],"wp:term":[{"taxonomy":"category","embeddable":true,"href":"https:\/\/linitiative.ca\/International\/wp-json\/wp\/v2\/categories?post=69244"},{"taxonomy":"post_tag","embeddable":true,"href":"https:\/\/linitiative.ca\/International\/wp-json\/wp\/v2\/tags?post=69244"}],"curies":[{"name":"wp","href":"https:\/\/api.w.org\/{rel}","templated":true}]}}