{"id":69246,"date":"2019-12-03T15:14:53","date_gmt":"2019-12-03T20:14:53","guid":{"rendered":"https:\/\/linitiative.ca\/International\/pros-monaco-slimani-suspendu-face-a-toulouse\/"},"modified":"2019-12-03T15:14:53","modified_gmt":"2019-12-03T20:14:53","slug":"pros-monaco-slimani-suspendu-face-a-toulouse","status":"publish","type":"post","link":"https:\/\/linitiative.ca\/International\/pros-monaco-slimani-suspendu-face-a-toulouse\/","title":{"rendered":"Pros : Monaco : Slimani suspendu face \u00e0 Toulouse"},"content":{"rendered":"<div readability=\"32\">\n<p>Auteur : <span class=\"time\">mardi 03 d\u00e9cembre 2019 20:25<\/span><\/p>\n<\/div>\n<div id=\"post_core\" readability=\"45\">\n<p>Et comme le choc de la 15e journ\u00e9e de Ligue 1 entre Monaco et le PSG, pr\u00e9vu dimanche dernier, a \u00e9t\u00e9 report\u00e9 en raison des intemp\u00e9ries, l\u2019attaquant alg\u00e9rien purgera son premier match de suspension face \u00e0 Toulouse, mercredi soir (19 heures), pour le compte de la 16e lev\u00e9e. Puis lors de la r\u00e9ception d\u2019Amiens, samedi prochain (20 heures) comme l&rsquo;indique Football.<\/p>\n<p>Benjamin Henrichs manquera lui aussi ce match contre le TFC, suspendu pour une accumulation d\u2019avertissements.<\/p>\n<p><strong>Publi\u00e9 dans :<\/strong> <span>monaco<\/span><\/p>\n<\/div>\n<p>Auteur:<br \/>\n<a href=\"http:\/\/www.lebuteur.com\/article\/detail?titre=monaco-slimani-suspendu-face-a-toulouse&#038;id=93351&#038;utm_source=feedburner&#038;utm_medium=feed&#038;utm_campaign=Feed%3A+GalerieFArtciles+%28Les+derniers+articles++-+lebuteur.com%29\">Cliquez ici pour lire l&rsquo;article depuis sa source.<\/a><\/p>\n","protected":false},"excerpt":{"rendered":"<p>Auteur : mardi 03 d\u00e9cembre 2019 20:25 Et comme le choc de la 15e journ\u00e9e de Ligue 1 entre Monaco et le PSG, pr\u00e9vu dimanche dernier, a \u00e9t\u00e9 report\u00e9 en raison des intemp\u00e9ries, l\u2019attaquant alg\u00e9rien purgera son premier match de suspension face \u00e0 Toulouse, mercredi soir (19 heures), pour le compte de la 16e lev\u00e9e. [&hellip;]<\/p>\n","protected":false},"author":1738,"featured_media":69247,"comment_status":"closed","ping_status":"closed","sticky":false,"template":"","format":"standard","meta":{"fifu_image_url":"","fifu_image_alt":"","footnotes":""},"categories":[53,75],"tags":[],"class_list":["post-69246","post","type-post","status-publish","format-standard","has-post-thumbnail","hentry","category-algerie","category-sport"],"_links":{"self":[{"href":"https:\/\/linitiative.ca\/International\/wp-json\/wp\/v2\/posts\/69246","targetHints":{"allow":["GET"]}}],"collection":[{"href":"https:\/\/linitiative.ca\/International\/wp-json\/wp\/v2\/posts"}],"about":[{"href":"https:\/\/linitiative.ca\/International\/wp-json\/wp\/v2\/types\/post"}],"author":[{"embeddable":true,"href":"https:\/\/linitiative.ca\/International\/wp-json\/wp\/v2\/users\/1738"}],"replies":[{"embeddable":true,"href":"https:\/\/linitiative.ca\/International\/wp-json\/wp\/v2\/comments?post=69246"}],"version-history":[{"count":0,"href":"https:\/\/linitiative.ca\/International\/wp-json\/wp\/v2\/posts\/69246\/revisions"}],"wp:featuredmedia":[{"embeddable":true,"href":"https:\/\/linitiative.ca\/International\/wp-json\/"}],"wp:attachment":[{"href":"https:\/\/linitiative.ca\/International\/wp-json\/wp\/v2\/media?parent=69246"}],"wp:term":[{"taxonomy":"category","embeddable":true,"href":"https:\/\/linitiative.ca\/International\/wp-json\/wp\/v2\/categories?post=69246"},{"taxonomy":"post_tag","embeddable":true,"href":"https:\/\/linitiative.ca\/International\/wp-json\/wp\/v2\/tags?post=69246"}],"curies":[{"name":"wp","href":"https:\/\/api.w.org\/{rel}","templated":true}]}}