{"id":69248,"date":"2019-12-02T18:00:00","date_gmt":"2019-12-02T23:00:00","guid":{"rendered":"https:\/\/linitiative.ca\/International\/m-hassan-rabehi-a-setif-une-forte-participation-a-la-presidentielle-sera-une-reponse-cinglante-aux-ennemis-de-la-nation\/"},"modified":"2019-12-02T18:00:00","modified_gmt":"2019-12-02T23:00:00","slug":"m-hassan-rabehi-a-setif-une-forte-participation-a-la-presidentielle-sera-une-reponse-cinglante-aux-ennemis-de-la-nation","status":"publish","type":"post","link":"https:\/\/linitiative.ca\/International\/m-hassan-rabehi-a-setif-une-forte-participation-a-la-presidentielle-sera-une-reponse-cinglante-aux-ennemis-de-la-nation\/","title":{"rendered":"M. Hassan Rabehi \u00e0 S\u00e9tif : \u00ab Une forte participation  \u00e0 la pr\u00e9sidentielle sera  une r\u00e9ponse cinglante  aux ennemis de la nation \u00bb"},"content":{"rendered":"<p><strong>\u00c0 l\u2019issue de la visite de travail et d\u2019inspection qu\u2019il a effectu\u00e9e, hier \u00e0 S\u00e9tif, M. Hassane Rabehi, ministre de la Communication,\u00a0 porte-parole du gouvernement et ministre de la Culture par int\u00e9rim, a proc\u00e9d\u00e9 \u00e0 la mise en service et \u00e0 la visite de plusieurs\u00a0 projets relevant de son d\u00e9partement minist\u00e9riel.<\/strong><\/p>\n<p>Accompagn\u00e9 du wali, des directeurs g\u00e9n\u00e9raux de la t\u00e9l\u00e9vision et de la Radio alg\u00e9rienne, le ministre se rendra, d\u00e8s son arriv\u00e9e \u00e0 S\u00e9tif, au si\u00e8ge du nouveau centre de t\u00e9l\u00e9visions qui permettra de renforcer l\u2019information de proximit\u00e9 dans une wilaya qui continue de constituer un bassin de population de 6 millions d\u2019habitants. En proc\u00e9dant \u00e0 la visite des diff\u00e9rentes structures de ce centre, qui permettra de couvrir l\u2019activit\u00e9 t\u00e9l\u00e9visuelle, le ministre saisira cette opportunit\u00e9 pour mettre en avant la dynamique que conna\u00eet cette vaste wilaya et les efforts consentis par l\u2019Etat, aid\u00e9 en cela par la stabilit\u00e9 que conna\u00eet cette r\u00e9gion.<br \/>Il dira l\u2019impact qu\u2019est appel\u00e9 \u00e0 produire ce nouveau centre qui s\u2019inscrit de plain-pied dans la strat\u00e9gie du gouvernement tendant notamment \u00e0 renforcer le r\u00e9seau de communication \u00e0 travers le pays et partant, aller dans le sens du renforcement de l\u2019information de proximit\u00e9.<br \/>Ce centre qui rayonnera sur les quatre wilayas de Bejaia, S\u00e9tif, M\u2019sila et Bordj Bou-Arr\u00e9ridj, contribuera \u00e0 la couverture des besoins de ces r\u00e9gions en informations audiovisuelles et fera ainsi du droit du citoyen \u00e0 l\u2019information une r\u00e9alit\u00e9.<br \/>A la lumi\u00e8re des explications donn\u00e9es par le directeur g\u00e9n\u00e9ral de la t\u00e9l\u00e9vision et d\u2019un centre qu\u2019il dira en service, le ministre ne manquera \u00e9galement pas de mettre l\u2019accent sur le volet inh\u00e9rent aux \u00e9quipements et \u00e0 un encadrement dont le recrutement se fera au niveau local. Un centre qui constitue un support suppl\u00e9mentaire pour les \u00e9lections du 12 d\u00e9cembre, ce rendez-vous historique \u00e0 l\u2019issu duquel une r\u00e9ponse cinglante sera inflig\u00e9e \u00e0 tous ceux qui doutent des vertus de ce grand peuple et qui tentent de mettre en doute son unit\u00e9 et affecter cette remarquable symbiose tiss\u00e9e avec l\u2019Arm\u00e9e nationale populaire.<br \/>Apr\u00e8s la fontaine mythique d\u2019Ain Fouara o\u00f9 il s\u2019est rendu, le ministre, accueilli par des imams et cadres du secteur des Affaires religieuses et des Wakf, visitera la mosqu\u00e9e El Atik, qui a \u00e9t\u00e9 \u00e9difi\u00e9e en 1848, o\u00f9 il recevra des explications sur ce joyau en la mati\u00e8re et des besoins qui sont exprim\u00e9s pour sa conservation.<br \/>\u00a0L\u2019imam de cette mosqu\u00e9e et les cadres du conseil scientifique interviendront tour \u00e0 tour pour dire aussi au ministre les efforts d\u00e9ploy\u00e9s au titre de la sensibilisation et de la consolidation de la dynamique des prochaines \u00e9lections pr\u00e9sidentielles et leur r\u00e9ussite. Apr\u00e8s l\u2019\u00e9cole des beaux-arts o\u00f9 il prendra connaissance des \u0153uvres des stagiaires et s\u2019entretiendra longuement avec les cadres sur les cursus de formation qui s\u2019\u00e9talent sur 4 ann\u00e9es, les cinq sp\u00e9cialit\u00e9s enseign\u00e9es et les dipl\u00f4mes d\u00e9livr\u00e9s, le ministre rassurera les composantes de cette \u00e9cole et soulignera l\u2019int\u00e9r\u00eat et les efforts qui sont consentis par le gouvernement pour lever les contraintes \u00e9voqu\u00e9es.\u00a0<br \/>Au si\u00e8ge o\u00f9 il ira s\u2019enqu\u00e9rir des efforts qui sont consentis par la Radio alg\u00e9rienne au titre de cette campagne \u00e9lectorale et des mesures d\u2019\u00e9largissement et d\u2019\u00e9quipement des radios locales, le ministre d\u00e9clarera qu\u2019une forte participation \u00e0 l\u2019\u00e9lection pr\u00e9sidentielle du 12 d\u00e9cembre constituera une r\u00e9ponse cinglante du peuple alg\u00e9rien aux ennemis de la nation et au monde entier. Il fera \u00e9galement \u00e9tat de ces multiples manifestions et rassemblements de citoyens qui sont sortis dans la rue pour condamner fermement cette mis\u00e9rable tentative de l\u2019Union europ\u00e9enne de s\u2019immiscer dans les affaires internes de l\u2019Alg\u00e9rie et tenter d\u2019influencer ses voies d\u00e9mocratiques. Les masquent tombent au fur et \u00e0 mesure, ajoutera le ministre, et exposent ainsi les positions de ceux qui sont perturb\u00e9s par cette formidable coh\u00e9sion du peuple et de l\u2019ANP qui a honor\u00e9 ses engagements d\u2019assurer un soutien inconditionnel et un accompagnement qui refl\u00e8te les d\u00e9cisions et les grands choix du peuple.<br \/>F. Zoghbi<\/p>\n<p>Auteur: elmoudjahid<br \/>\n<a href=\"http:\/\/www.elmoudjahid.com\/fr\/actualites\/145280\">Cliquez ici pour lire l&rsquo;article depuis sa source.<\/a><\/p>\n","protected":false},"excerpt":{"rendered":"<p>\u00c0 l\u2019issue de la visite de travail et d\u2019inspection qu\u2019il a effectu\u00e9e, hier \u00e0 S\u00e9tif, M. Hassane Rabehi, ministre de la Communication,\u00a0 porte-parole du gouvernement et ministre de la Culture par int\u00e9rim, a proc\u00e9d\u00e9 \u00e0 la mise en service et \u00e0 la visite de plusieurs\u00a0 projets relevant de son d\u00e9partement minist\u00e9riel. Accompagn\u00e9 du wali, des [&hellip;]<\/p>\n","protected":false},"author":1744,"featured_media":0,"comment_status":"closed","ping_status":"closed","sticky":false,"template":"","format":"standard","meta":{"fifu_image_url":"","fifu_image_alt":"","footnotes":""},"categories":[73,53],"tags":[],"class_list":["post-69248","post","type-post","status-publish","format-standard","hentry","category-actualite","category-algerie"],"_links":{"self":[{"href":"https:\/\/linitiative.ca\/International\/wp-json\/wp\/v2\/posts\/69248","targetHints":{"allow":["GET"]}}],"collection":[{"href":"https:\/\/linitiative.ca\/International\/wp-json\/wp\/v2\/posts"}],"about":[{"href":"https:\/\/linitiative.ca\/International\/wp-json\/wp\/v2\/types\/post"}],"author":[{"embeddable":true,"href":"https:\/\/linitiative.ca\/International\/wp-json\/wp\/v2\/users\/1744"}],"replies":[{"embeddable":true,"href":"https:\/\/linitiative.ca\/International\/wp-json\/wp\/v2\/comments?post=69248"}],"version-history":[{"count":0,"href":"https:\/\/linitiative.ca\/International\/wp-json\/wp\/v2\/posts\/69248\/revisions"}],"wp:attachment":[{"href":"https:\/\/linitiative.ca\/International\/wp-json\/wp\/v2\/media?parent=69248"}],"wp:term":[{"taxonomy":"category","embeddable":true,"href":"https:\/\/linitiative.ca\/International\/wp-json\/wp\/v2\/categories?post=69248"},{"taxonomy":"post_tag","embeddable":true,"href":"https:\/\/linitiative.ca\/International\/wp-json\/wp\/v2\/tags?post=69248"}],"curies":[{"name":"wp","href":"https:\/\/api.w.org\/{rel}","templated":true}]}}