{"id":69249,"date":"2019-12-02T18:00:00","date_gmt":"2019-12-02T23:00:00","guid":{"rendered":"https:\/\/linitiative.ca\/International\/m-tebboune-a-setif-lheure-du-changement-a-sonne\/"},"modified":"2019-12-02T18:00:00","modified_gmt":"2019-12-02T23:00:00","slug":"m-tebboune-a-setif-lheure-du-changement-a-sonne","status":"publish","type":"post","link":"https:\/\/linitiative.ca\/International\/m-tebboune-a-setif-lheure-du-changement-a-sonne\/","title":{"rendered":"M. Tebboune \u00e0 S\u00e9tif : \u00abl\u2019heure du changement a sonn\u00e9\u00bb"},"content":{"rendered":"<p>De notre envoy\u00e9 sp\u00e9cial : Karim Aoudia<\/p>\n<p>Le candidat ind\u00e9pendant \u00e0 la pr\u00e9sidentielle, Abdelmadjid Tebboune, a \u00e9t\u00e9 hier l\u2019h\u00f4te de la capitale des Hauts Plateaux o\u00f9 il a anim\u00e9 un meeting dans le cadre de ses activit\u00e9s de campagne \u00e9lectorale. Une foule nombreuse s\u2019est mobilis\u00e9e pour son accueil \u00e0 la salle de conf\u00e9rences Houari-Boumedi\u00e8ne sise au chef-lieu de S\u00e9tif, parmi laquelle on pouvait ais\u00e9ment distinguer la pr\u00e9sence des repr\u00e9sentants des organisations de la soci\u00e9t\u00e9 civile. Celles-ci ont ainsi tenu \u00e0 manifester leur soutien et leur adh\u00e9sion au programme \u00e9lectoral du candidat Abdelmadjid Tebboune.<br \/>Un programme comprenant, rappelle-t-on, 54 engagements par lesquels ce pr\u00e9tendant \u00e0 la magistrature supr\u00eame aspire \u00e0 l&rsquo;instauration d&rsquo;une nouvelle R\u00e9publique et concr\u00e9tisera le changement dont il affirme d\u00e9tenir la strat\u00e9gie devant permettre de cristalliser cette option.<br \/>C\u2019est au cri de \u00abTebboune pr\u00e9sident\u00bb, entrecoup\u00e9s de stridents youyous, que le candidat, tr\u00e8s serein dans son attitude, entame son discours. \u00abLe changement est une n\u00e9cessit\u00e9\u00bb, a-t-il pr\u00f4n\u00e9 avant de s&rsquo;\u00e9taler sur les principaux axes de son programme traitant de ses engagements \u00e9conomiques. Il en ressort des ambitions bien prometteuses pour la capitale des Hauts Plateaux.<br \/>En d&rsquo;autres termes, Abdelmadjid Tebboune promet de relever le niveau de la comp\u00e9titivit\u00e9 industrielle dont se distingue d\u00e9j\u00e0 la wilaya de S\u00e9tif. \u00abLa r\u00e9gion est connue pour \u00eatre une v\u00e9ritable amiraut\u00e9 de l&rsquo;industrie\u00bb, indique-t-il, rappelant, non sans un accent ce fiert\u00e9, que c\u2019est bel et bien dans cette wilaya que le premier pneu \u00abmade in Algeria\u00bb a \u00e9t\u00e9 produit et mis sur le march\u00e9. Il a aussi plaid\u00e9 pour le d\u00e9veloppement de l&rsquo;\u00e9conomie de la connaissance, insistant \u00e0 ce propos sur le pr\u00e9cieux concours de l&rsquo;universit\u00e9. Il encha\u00eene en \u00e9voquant la revalorisation des comp\u00e9tences des jeunes dipl\u00f4m\u00e9s auxquels il a promis d\u2019optimiser les conditions de leur int\u00e9gration professionnelle, via notamment la cr\u00e9ation d\u2019un r\u00e9seau de start-up. L\u2019institution d\u2019une banque devant se charger exclusivement du financement de ce genre de micro-entreprises est inscrite, rappelle-t-on, parmi les engagements du candidat. A partir de S\u00e9tif, Abdelmadjid Tebboune a de nouveau r\u00e9affirm\u00e9 la place, selon lui, pr\u00e9pond\u00e9rante qu\u2019occupe la jeunesse dans son programme \u00e9lectoral. \u00abIl est temps de transmettre le flambeau \u00e0 la jeunesse\u00bb, a-t-il indiqu\u00e9, ajoutant que s\u2019il est \u00e9lu, il ouvrira les voies offrant aux jeunes g\u00e9n\u00e9rations une accession progressive aux instances de d\u00e9cision. Autre engagement mis en relief par le candidat dans son discours : la dynamisation de la c\u00e9r\u00e9aliculture au niveau des plaines de S\u00e9tif \u00e0 m\u00eame de contribuer efficacement \u00e0 r\u00e9duire la d\u00e9pendance de notre \u00e9conomie aux hydrocarbures.<br \/>Aussi, il promettra de faire de la ville d\u2019El-Eulma un v\u00e9ritable carrefour commercial pour la dynamisation des \u00e9changes, notamment dans la r\u00e9gion de l\u2019Est.<\/p>\n<p><strong>\u00abJe ne suis ni contre les hommes d\u2019affaires ni contre\u00a0 les importateurs honn\u00eates.\u00bb<\/strong><\/p>\n<p>Tebboune pr\u00e9cisera par ailleurs que les hommes d\u2019affaires cr\u00e9ateurs de richesses et d\u2019emplois et respectueux des lois de la R\u00e9publique b\u00e9n\u00e9ficieront de toute la consid\u00e9ration et l\u2019appui voulus, s\u2019il est \u00e9lu pr\u00e9sident de la R\u00e9publique. \u00abIls disent que Tebboune est contre les hommes d\u2019affaires, c\u2019est archifaux et ce n\u2019est pas du tout le cas. Je suis, en revanche, r\u00e9solument contre ceux qui s\u2019octroient des m\u00e9gaprojets pour ensuite exceller dans le transfert illicite de la devise, ceux-l\u00e0 m\u00eame qui ont pill\u00e9 le pays et accentu\u00e9 la d\u00e9tresse de la jeunesse vou\u00e9e au ch\u00f4mage chronique\u00bb, souligne-t-il. \u00abJe ne suis pas contre les importateurs honn\u00eates et je propose de cesser l\u2019importation des produits de luxe qui peuvent \u00eatre facilement produits en Alg\u00e9rie\u00bb, poursuit-il. D\u00e9non\u00e7ant la surfacturation qui fait des ravages dans cette fili\u00e8re d\u2019importation, il r\u00e9v\u00e9lera que ces accessoires import\u00e9s co\u00fbtent au Tr\u00e9sor public la bagatelle de 600 millions de dollars annuellement. \u00abDe quoi b\u00e2tir une usine\u00bb, a-t-il dit. D\u2019autre part, le candidat \u00e0 la pr\u00e9sidentielle s\u2019engage \u00e0 consolider l\u2019ind\u00e9pendance de la justice qui accomplit, selon lui, un travail remarquable en mati\u00e8re de lutte contre la corruption et les corrupteurs. Il s\u2019engage aussi \u00e0 offrir une prise en charge optimale au profit des couches d\u00e9favoris\u00e9es ainsi qu\u2019a r\u00e9soudre tous les dossiers en suspens, \u00e0 l\u2019exemple de celui des appel\u00e9s de l&rsquo;Arm\u00e9e nationale populaire durant les ann\u00e9es 1990. Il conclut son meeting en appelant \u00e0 une participation massive lors du scrutin pr\u00e9sidentiel du 12 d\u00e9cembre.<br \/>K. A.<\/p>\n<p>Auteur: elmoudjahid<br \/>\n<a href=\"http:\/\/www.elmoudjahid.com\/fr\/actualites\/145281\">Cliquez ici pour lire l&rsquo;article depuis sa source.<\/a><\/p>\n","protected":false},"excerpt":{"rendered":"<p>De notre envoy\u00e9 sp\u00e9cial : Karim Aoudia Le candidat ind\u00e9pendant \u00e0 la pr\u00e9sidentielle, Abdelmadjid Tebboune, a \u00e9t\u00e9 hier l\u2019h\u00f4te de la capitale des Hauts Plateaux o\u00f9 il a anim\u00e9 un meeting dans le cadre de ses activit\u00e9s de campagne \u00e9lectorale. Une foule nombreuse s\u2019est mobilis\u00e9e pour son accueil \u00e0 la salle de conf\u00e9rences Houari-Boumedi\u00e8ne sise [&hellip;]<\/p>\n","protected":false},"author":1744,"featured_media":0,"comment_status":"closed","ping_status":"closed","sticky":false,"template":"","format":"standard","meta":{"fifu_image_url":"","fifu_image_alt":"","footnotes":""},"categories":[73,53],"tags":[],"class_list":["post-69249","post","type-post","status-publish","format-standard","hentry","category-actualite","category-algerie"],"_links":{"self":[{"href":"https:\/\/linitiative.ca\/International\/wp-json\/wp\/v2\/posts\/69249","targetHints":{"allow":["GET"]}}],"collection":[{"href":"https:\/\/linitiative.ca\/International\/wp-json\/wp\/v2\/posts"}],"about":[{"href":"https:\/\/linitiative.ca\/International\/wp-json\/wp\/v2\/types\/post"}],"author":[{"embeddable":true,"href":"https:\/\/linitiative.ca\/International\/wp-json\/wp\/v2\/users\/1744"}],"replies":[{"embeddable":true,"href":"https:\/\/linitiative.ca\/International\/wp-json\/wp\/v2\/comments?post=69249"}],"version-history":[{"count":0,"href":"https:\/\/linitiative.ca\/International\/wp-json\/wp\/v2\/posts\/69249\/revisions"}],"wp:attachment":[{"href":"https:\/\/linitiative.ca\/International\/wp-json\/wp\/v2\/media?parent=69249"}],"wp:term":[{"taxonomy":"category","embeddable":true,"href":"https:\/\/linitiative.ca\/International\/wp-json\/wp\/v2\/categories?post=69249"},{"taxonomy":"post_tag","embeddable":true,"href":"https:\/\/linitiative.ca\/International\/wp-json\/wp\/v2\/tags?post=69249"}],"curies":[{"name":"wp","href":"https:\/\/api.w.org\/{rel}","templated":true}]}}