{"id":69250,"date":"2019-12-03T02:00:00","date_gmt":"2019-12-03T07:00:00","guid":{"rendered":"https:\/\/linitiative.ca\/International\/ballon-dor-france-football-2019-messi-couronne-mahrez-dans-le-top-10\/"},"modified":"2019-12-03T02:00:00","modified_gmt":"2019-12-03T07:00:00","slug":"ballon-dor-france-football-2019-messi-couronne-mahrez-dans-le-top-10","status":"publish","type":"post","link":"https:\/\/linitiative.ca\/International\/ballon-dor-france-football-2019-messi-couronne-mahrez-dans-le-top-10\/","title":{"rendered":"Ballon d\u2019OR France Football 2019 : Messi couronn\u00e9, Mahrez dans le top 10"},"content":{"rendered":"<p>Un record absolu pour ce joueur hors-pair, qui continue de r\u00e9galer sur les terrains de football depuis plus de quinze ans chez les pros du FC Barcelone et en s\u00e9lection argentine. Lors de la saison pass\u00e9e, Messi a inscrit 34 buts en Liga espagnole, ce qui lui a valu le titre de Pitchichi et de soulier d\u2019Or europ\u00e9en. Il a aussi \u00e9t\u00e9 d\u00e9sign\u00e9 meilleur buteur en Ligue des champions avec 10 r\u00e9alisations.<br \/>Avec son club, le Bar\u00e7a, il a remport\u00e9 le championnat d\u2019Espagne et la super coupe nationale. Pour rappel, le meilleur joueur de l\u2019ann\u00e9e est d\u00e9sign\u00e9 suite au vote des s\u00e9lectionneurs et capitaines des diff\u00e9rentes s\u00e9lections nationales, ainsi qu\u2019un nombre de journalistes sp\u00e9cialis\u00e9s.<br \/>Le podium est compl\u00e9t\u00e9 par le d\u00e9fenseur central de Liverpool FC, le Hollandais Virgil Van Dijk, et l\u2019attaquant portugais de la Juventus de Turin, Cristiano Ronaldo. De son c\u00f4t\u00e9, l\u2019international alg\u00e9rien de Manchester City a marqu\u00e9 sa pr\u00e9sence dans le top 10 du classement mondial. Le capitaine des Verts, Ryad Mahrez, qui a r\u00e9alis\u00e9 une saison exceptionnelle avec son club et avec l\u2019\u00e9quipe nationale, s\u2019est class\u00e9 \u00e0 la dixi\u00e8me position.<br \/>L\u2019attaquant alg\u00e9rien a remport\u00e9 avec son club le championnat, la coupe et le troph\u00e9e de la Ligue ainsi que la super-coupe. Avec l\u2019EN, il a gagn\u00e9 la coupe d\u2019Afrique des Nations en Egypte. Pour rappel, en 2016, l\u2019Alg\u00e9rien avait pris la sixi\u00e8me place. A noter que les soci\u00e9taires de Liverpool FC, Man\u00e9 et Salah, se sont class\u00e9s, respectivement, quatri\u00e8me et cinqui\u00e8me. Ce qui pourrait constituer un r\u00e9el danger pour Mahrez pour le Ballon d\u2019Or de la CAF.<br \/>Redha M.<\/p>\n<p>Auteur: elmoudjahid<br \/>\n<a href=\"http:\/\/www.elmoudjahid.com\/fr\/actualites\/145282\">Cliquez ici pour lire l&rsquo;article depuis sa source.<\/a><\/p>\n","protected":false},"excerpt":{"rendered":"<p>Un record absolu pour ce joueur hors-pair, qui continue de r\u00e9galer sur les terrains de football depuis plus de quinze ans chez les pros du FC Barcelone et en s\u00e9lection argentine. Lors de la saison pass\u00e9e, Messi a inscrit 34 buts en Liga espagnole, ce qui lui a valu le titre de Pitchichi et de [&hellip;]<\/p>\n","protected":false},"author":1744,"featured_media":0,"comment_status":"closed","ping_status":"closed","sticky":false,"template":"","format":"standard","meta":{"fifu_image_url":"","fifu_image_alt":"","footnotes":""},"categories":[73,53],"tags":[],"class_list":["post-69250","post","type-post","status-publish","format-standard","hentry","category-actualite","category-algerie"],"_links":{"self":[{"href":"https:\/\/linitiative.ca\/International\/wp-json\/wp\/v2\/posts\/69250","targetHints":{"allow":["GET"]}}],"collection":[{"href":"https:\/\/linitiative.ca\/International\/wp-json\/wp\/v2\/posts"}],"about":[{"href":"https:\/\/linitiative.ca\/International\/wp-json\/wp\/v2\/types\/post"}],"author":[{"embeddable":true,"href":"https:\/\/linitiative.ca\/International\/wp-json\/wp\/v2\/users\/1744"}],"replies":[{"embeddable":true,"href":"https:\/\/linitiative.ca\/International\/wp-json\/wp\/v2\/comments?post=69250"}],"version-history":[{"count":0,"href":"https:\/\/linitiative.ca\/International\/wp-json\/wp\/v2\/posts\/69250\/revisions"}],"wp:attachment":[{"href":"https:\/\/linitiative.ca\/International\/wp-json\/wp\/v2\/media?parent=69250"}],"wp:term":[{"taxonomy":"category","embeddable":true,"href":"https:\/\/linitiative.ca\/International\/wp-json\/wp\/v2\/categories?post=69250"},{"taxonomy":"post_tag","embeddable":true,"href":"https:\/\/linitiative.ca\/International\/wp-json\/wp\/v2\/tags?post=69250"}],"curies":[{"name":"wp","href":"https:\/\/api.w.org\/{rel}","templated":true}]}}