{"id":69252,"date":"2019-12-03T15:19:06","date_gmt":"2019-12-03T20:19:06","guid":{"rendered":"https:\/\/linitiative.ca\/International\/hommage-a-frantz-fanon-au-forum-de-la-memoire-le-revolutionnaire-en-blouse-blanche\/"},"modified":"2019-12-03T15:19:06","modified_gmt":"2019-12-03T20:19:06","slug":"hommage-a-frantz-fanon-au-forum-de-la-memoire-le-revolutionnaire-en-blouse-blanche","status":"publish","type":"post","link":"https:\/\/linitiative.ca\/International\/hommage-a-frantz-fanon-au-forum-de-la-memoire-le-revolutionnaire-en-blouse-blanche\/","title":{"rendered":"Hommage \u00e0 Frantz Fanon au forum de la m\u00e9moire :  le r\u00e9volutionnaire en blouse blanche"},"content":{"rendered":"<p><strong>\u00abC\u2019\u00e9tait l\u2019homme le plus remarquable du XXe si\u00e8cle\u00bb, a dit Simone de Beauvoir, en parlant de Frantz Fanon. Le 58e anniversaire\u00a0 de la mort de ce militant amoureux de l\u2019Alg\u00e9rie offre l\u2019occasion de c\u00e9l\u00e9brer le parcours intellectuel et l\u2019engagement de ce psychiatre d\u2019origine antillaise, fervent d\u00e9fenseur de l\u2019ind\u00e9pendance alg\u00e9rienne.<\/strong><\/p>\n<p>L\u2019auteur de Peau noire, masques blancs et Les Damn\u00e9s de la terre laisse une pens\u00e9e efficiente sur l\u2019entreprise coloniale et ses effets dans les esprits.<br \/>Le Forum de la M\u00e9moire d\u2019El Moudjahid, a consacr\u00e9, hier, un hommage \u00e0 ce militant intellectuel n\u00e9 martiniquais le 20 juillet 1925 et mort alg\u00e9rien le 6 d\u00e9cembre 1961.<br \/>L\u2019auteur et chercheur en histoire, Amar Belkhodja, a mis en relief nombre de facettes de la personnalit\u00e9 de Frantz Fanon. \u00abIl \u00e9tait, \u00e0 la fois, intellectuel, r\u00e9volutionnaire engag\u00e9, penseur, th\u00e9oricien, psychiatre, psychologue, philosophe, sociologue, journaliste, humaniste et homme politique\u00bb. L\u2019invit\u00e9 du forum insistera sur l\u2019engagement de ce militant intellectuel qui avait \u00e9pous\u00e9 la cause alg\u00e9rienne, adh\u00e9r\u00e9 \u00e0 sa r\u00e9volution et s\u2019\u00e9tait fait son porte-voix \u00e0 travers le monde. Le conf\u00e9rencier nous rappellera que Frantz Fanon, mobilis\u00e9 pour rallier les forces fran\u00e7aises, conna\u00eetra l\u2019Alg\u00e9rie pour la premi\u00e8re fois en 1944, dans la r\u00e9gion de B\u00e9jaia.<br \/>Une fois install\u00e9 en Alg\u00e9rie en 1953, le psychiatre sera confront\u00e9 \u00e0\u00a0 la r\u00e9alit\u00e9 des Alg\u00e9riens. A l\u2019h\u00f4pital de Blida, dans cet univers psychiatrique singulier, il d\u00e9couvre l\u2019ampleur des d\u00e9g\u00e2ts psychologiques de la colonisation \u00e0 travers les patients qu\u2019il examine.<br \/>Pour Fanon, la cause est entendue. Quand survint le 1er Novembre 1954, il n\u2019h\u00e9site pas \u00e0 rejoindre le FLN. A l\u2019insu de l\u2019administration, il soigne des combattants de la wilaya IV. L\u2019Alg\u00e9rie s\u2019est attach\u00e9 cet intellectuel de grand talent en lui confiant la direction du journal El Moudjahid, seul organe de presse \u00e0 l\u2019\u00e9poque et dont les \u00e9crits en faveur de l\u2019ind\u00e9pendance ont enflamm\u00e9 toute une jeunesse pr\u00eate \u00e0 se battre contre le colonialisme. Travailleur infatigable, Fanon redouble d\u2019activit\u00e9 au sein de l\u2019organisation clandestine.\u00a0 Il fait connaissance avec ses plus grands leaders et il est charg\u00e9 d\u2019\u00e9tendre la flamme r\u00e9volutionnaire partout en Afrique. Il sera, avec M\u2019Hamed Yazid, un des meilleurs propagandistes de la cause alg\u00e9rienne. En 1958, il est d\u00e9l\u00e9gu\u00e9 par le FLN pour repr\u00e9senter son pays, l\u2019Alg\u00e9rie, en plein combat.\u00a0<br \/>\u00a0<br \/><strong>Un penseur humaniste et engag\u00e9<\/strong><\/p>\n<p>M. Belkhodja affirme que ce psychiatre et essayiste qui a consacr\u00e9 sa vie dans le militantisme pour l\u2019\u00e9mancipation des peuples colonis\u00e9s, a choisi l\u2019Alg\u00e9rie comme terre de lutte mais aussi et surtout comme patrie. \u00abIl s\u2019est battu pour l\u2019Alg\u00e9rie aux c\u00f4t\u00e9s de ses fr\u00e8res de continent et d\u2019humanit\u00e9, les Alg\u00e9riens. En m\u00eame temps, il s\u2019est battu pour l\u2019Afrique et pour l\u2019\u00e9mancipation de l\u2019humanit\u00e9 toute enti\u00e8re. Fanon meurt pr\u00e9cocement \u00e0 l\u2019\u00e2ge de 36 ans avant l\u2019ind\u00e9pendance de l\u2019Alg\u00e9rie\u00bb.<br \/>Son testament, fait rappeler le conf\u00e9rencier, \u00abc\u2019est d\u2019\u00eatre enterr\u00e9 dans sa patrie de choix et d\u2019adoption\u2008: l\u2019Alg\u00e9rie. En fait, Fanon avait deux r\u00eaves : l\u2019ind\u00e9pendance de l\u2019Alg\u00e9rie et l\u2019union de tous les Africains\u00bb. Evoquant ensuite la production intellectuelle de Fanon, M. Amar Belkhodja citera notamment les ouvrages : \u00ab Peau noire, masque blanc, L\u2019an V de la r\u00e9volution, Les damn\u00e9s de la terre, Pour la r\u00e9volution africaine. Aussi, parmi les travaux scientifiques de Fanon, figurent notamment de nombreux articles publi\u00e9s dans Les anales m\u00e9dico-psychologiques (1953), La revue pratique de psychologie de la vie sociale et l\u2019hygi\u00e8ne mentale (1956), La Tunisie m\u00e9dicale (1958 et 1959), Conscience maghr\u00e9bine 1955, l\u2019information psychiatrique (1955) et Le Maroc m\u00e9dical (1957). S\u2019attardant sur le c\u00f4t\u00e9 humaniste du Dr Fanon, M. Belkhodja rel\u00e8ve que le docteur \u00e9tait \u00abeffar\u00e9 et scandalis\u00e9 par la v\u00e9ritable nature du colonialisme fran\u00e7ais en Alg\u00e9rie. Si bien que lorsqu&rsquo;il prit ses fonctions au sein de l&rsquo;h\u00f4pital psychiatrique de Blida, il entrepris d&rsquo;y introduire de nouvelles m\u00e9thodes th\u00e9rapeutiques et de bannir d\u00e9finitivement l&rsquo;usage moyen\u00e2geux des cha\u00eenes pour ma\u00eetriser les patients\u00bb qui pr\u00e9cisera que Frantz Fanon veillait \u00e0 traiter ses patients avec tout l&rsquo;humanisme qui le caract\u00e9risait, et a mis en place des salles de pri\u00e8re pour les pratiquants et a recouru aux services de l&rsquo;artiste Abderrahmane Aziz, conscient de la port\u00e9e de la dimension artistique dans la prise en charge psychiatrique des pensionnaires de l&rsquo;h\u00f4pital. Le moudjahid et responsable a l\u2019ONM, Salah Laouir nous racontera comment la d\u00e9pouille de Frantz Fanon a \u00e9t\u00e9 rapatri\u00e9e des fronti\u00e8res tunisienne \u00e0 la ville d\u2019El Kala pour y \u00eatre enterr\u00e9 puisque le d\u00e9funt a \u00e9mis le v\u0153u d\u2019\u00eatre enterr\u00e9 en terre alg\u00e9rienne. L\u2019intervenant raconte que \u00able cercueil \u00e9tait recouvert du drapeau national.<br \/>Le cort\u00e8ge fun\u00e8bre traverse tous les villages tunisiens jusqu\u2019\u00e0 la fronti\u00e8re o\u00f9 le cercueil est confi\u00e9 \u00e0 une section de l\u2019ALN, escort\u00e9 par un autre groupe arm\u00e9s. Apr\u00e8s la travers\u00e9e des djebels et for\u00eats, la procession arrive un cimeti\u00e8re de chouhada exactement dans la localit\u00e9 \u00e0 Ain El Karma, dans la wilaya d\u2019El Tarf.<\/p>\n<p><strong>\u00abIl faut exhumer les actions de tous les intellectuels \u00e9trangers ayant soutenu la cause\u00a0 nationale.\u00bb<\/strong><\/p>\n<p>Lors de la conf\u00e9rence hommage, tout les intervenants ont soutenu que le parcours de cette personnalit\u00e9 devrait \u00eatre mis en valeur mais pas seulement. M. Belkhodja citera a l\u2019occasion les noms de certains intellectuels fran\u00e7ais ayant opt\u00e9 de prendre partie pour la cause nationale. Il nous rappelle la prise de position des chr\u00e9tiens tant catholiques que protestants devant le cas de conscience fran\u00e7ais pos\u00e9 par la guerre en Alg\u00e9rie et qui a amen\u00e9 beaucoup d\u2019entre eux \u00e0 opter ouvertement pour un engagement aux c\u00f4t\u00e9s du FLN.<br \/>L\u2019historien citera entre autres, Boris Vian qui a d\u00e9sert\u00e9 et rejoint Tunis pour se mettre au service du FLN, Joseph Claude Sixou, qui a cr\u00e9\u00e9 avec Ga\u00efd Ahmed la section locale du Front alg\u00e9rien pour la d\u00e9fense et le respect des libert\u00e9s en 1951, Eveline La Velette , collaboratrice directe de Abane Ramdane qui a particip\u00e9 a la fabrication et diffusion du premier num\u00e9ro d\u2019El Moudjahid, Elyette Loup, Lisette Vincent, Henri Maillot, l\u2019Abb\u00e9 Berenguer\u00a0 et des centaines d\u2019autres intellectuels fran\u00e7ais qui avaient exprim\u00e9 leur opposition ouverte contre la torture, contre la mis\u00e8re et contre la poursuite de la guerre, et qui avait fortement marqu\u00e9 le mouvement d\u2019opposition \u00e0 la guerre d\u2019Alg\u00e9rie et influenc\u00e9 toute une g\u00e9n\u00e9ration de jeunes de l\u2019\u00e9poque. Pour ces militants, M. Belkhodja interpelle les chercheurs, historiens mais aussi le minist\u00e8re des Moudjahidines \u00e0 mettre en place une commission pour \u00abexhumer toutes les actions de soutien de ces intellectuels et rendre hommage a leur r\u00e9sistance a la guerre\u00bb.<br \/>Farida Larbi<br \/>\u00a0<\/p>\n<p>Auteur: elmoudjahid<br \/>\n<a href=\"http:\/\/www.elmoudjahid.com\/fr\/actualites\/145284\">Cliquez ici pour lire l&rsquo;article depuis sa source.<\/a><\/p>\n","protected":false},"excerpt":{"rendered":"<p>\u00abC\u2019\u00e9tait l\u2019homme le plus remarquable du XXe si\u00e8cle\u00bb, a dit Simone de Beauvoir, en parlant de Frantz Fanon. Le 58e anniversaire\u00a0 de la mort de ce militant amoureux de l\u2019Alg\u00e9rie offre l\u2019occasion de c\u00e9l\u00e9brer le parcours intellectuel et l\u2019engagement de ce psychiatre d\u2019origine antillaise, fervent d\u00e9fenseur de l\u2019ind\u00e9pendance alg\u00e9rienne. L\u2019auteur de Peau noire, masques blancs [&hellip;]<\/p>\n","protected":false},"author":1744,"featured_media":0,"comment_status":"closed","ping_status":"closed","sticky":false,"template":"","format":"standard","meta":{"fifu_image_url":"","fifu_image_alt":"","footnotes":""},"categories":[73,53],"tags":[],"class_list":["post-69252","post","type-post","status-publish","format-standard","hentry","category-actualite","category-algerie"],"_links":{"self":[{"href":"https:\/\/linitiative.ca\/International\/wp-json\/wp\/v2\/posts\/69252","targetHints":{"allow":["GET"]}}],"collection":[{"href":"https:\/\/linitiative.ca\/International\/wp-json\/wp\/v2\/posts"}],"about":[{"href":"https:\/\/linitiative.ca\/International\/wp-json\/wp\/v2\/types\/post"}],"author":[{"embeddable":true,"href":"https:\/\/linitiative.ca\/International\/wp-json\/wp\/v2\/users\/1744"}],"replies":[{"embeddable":true,"href":"https:\/\/linitiative.ca\/International\/wp-json\/wp\/v2\/comments?post=69252"}],"version-history":[{"count":0,"href":"https:\/\/linitiative.ca\/International\/wp-json\/wp\/v2\/posts\/69252\/revisions"}],"wp:attachment":[{"href":"https:\/\/linitiative.ca\/International\/wp-json\/wp\/v2\/media?parent=69252"}],"wp:term":[{"taxonomy":"category","embeddable":true,"href":"https:\/\/linitiative.ca\/International\/wp-json\/wp\/v2\/categories?post=69252"},{"taxonomy":"post_tag","embeddable":true,"href":"https:\/\/linitiative.ca\/International\/wp-json\/wp\/v2\/tags?post=69252"}],"curies":[{"name":"wp","href":"https:\/\/api.w.org\/{rel}","templated":true}]}}