{"id":69257,"date":"2019-12-03T11:20:00","date_gmt":"2019-12-03T16:20:00","guid":{"rendered":"https:\/\/linitiative.ca\/International\/presidentielle-du-12-decembre-le-mdn-fixe-les-modalites-de-vote-des-corps-constitues\/"},"modified":"2019-12-03T11:20:00","modified_gmt":"2019-12-03T16:20:00","slug":"presidentielle-du-12-decembre-le-mdn-fixe-les-modalites-de-vote-des-corps-constitues","status":"publish","type":"post","link":"https:\/\/linitiative.ca\/International\/presidentielle-du-12-decembre-le-mdn-fixe-les-modalites-de-vote-des-corps-constitues\/","title":{"rendered":"PRESIDENTIELLE DU 12 DECEMBRE  : Le MDN fixe les modalit\u00e9s de vote des corps constitu\u00e9s"},"content":{"rendered":"<p><br id=\"sep_para_1\" class=\"sep_para access\"\/><\/p>\n<div id=\"para_1\" class=\"para_34332609 resize\">\n<div class=\"texte access firstletter\">\u00a0Le minist\u00e8re de la D\u00e9fense nationale a rendu public\u00a0 un communiqu\u00e9 dans lequel il clarifie les conditions dans lesquelles les militaires exerceront leur droit et leur devoir \u00e9lectoral, en conformit\u00e9 avec les dispositions de la constitution.\u00a0 \u00ab Dans le cadre de l&rsquo;int\u00e9r\u00eat que porte le Haut Commandement de l&rsquo;Arm\u00e9e Nationale Populaire \u00e0 la r\u00e9ussite des \u00e9lections pr\u00e9sidentielles pr\u00e9vues pour le 12 d\u00e9cembre 2019, dans le respect total de la Constitution et des lois de la R\u00e9publique, les personnels militaires exerceront, en tenue civile, leur droit et devoir \u00e9lectoral, par voie directe, \u00e0 l&rsquo;instar de leurs concitoyens au niveau des bureaux de votes dans lesquels ils sont inscrits, \u00e0 travers tout le territoire national, tandis que les personnels ne pouvant voter par voie directe, en raison des missions qui leurs sont assign\u00e9es, ils s&rsquo;acquitteront de leur devoir \u00e9lectoral par procuration conform\u00e9ment \u00e0 la loi organique des \u00e9lections en vigueur.\u00a0\u00bb, indique le communiqu\u00e9 du MDN. \u00ab\u00a0Quant aux personnels militaires se trouvant au niveau des unit\u00e9s de campagne, ils exerceront leur droit \u00e9lectoral dans les bureaux de vote proches de leur lieu de travail, ou au niveau des bureaux de vote itin\u00e9rants d\u00e9di\u00e9s \u00e0 cet effet au niveau des wilayas concern\u00e9es par cette mesure.\u00a0\u00bb, ajoute le communiqu\u00e9.\u00a0 \u00a0\u00bb Par ailleurs, le Haut Commandement de l&rsquo;Arm\u00e9e Nationale Populaire souligne que les militaires sont libres de choisir le candidat qui r\u00e9pond \u00e0 leurs propres convictions lors de ces \u00e9lections impr\u00e9gn\u00e9es des valeurs de d\u00e9mocratie, de transparence et d&rsquo;int\u00e9grit\u00e9, refl\u00e9tant la volont\u00e9 du peuple et son libre choix.\u00a0\u00bb, pr\u00e9cise ce communiqu\u00e9.\u00a0\u00a0\u00a0\u00a0\u00a0<\/div>\n<\/div>\n<p>Auteur: Nadine<br \/>\n<a href=\"https:\/\/www.reflexiondz.net\/PRESIDENTIELLE-DU-12-DECEMBRE-Le-MDN-fixe-les-modalites-de-vote-des-corps-constitues_a59183.html\">Cliquez ici pour lire l&rsquo;article depuis sa source.<\/a><\/p>\n","protected":false},"excerpt":{"rendered":"<p>\u00a0Le minist\u00e8re de la D\u00e9fense nationale a rendu public\u00a0 un communiqu\u00e9 dans lequel il clarifie les conditions dans lesquelles les militaires exerceront leur droit et leur devoir \u00e9lectoral, en conformit\u00e9 avec les dispositions de la constitution.\u00a0 \u00ab Dans le cadre de l&rsquo;int\u00e9r\u00eat que porte le Haut Commandement de l&rsquo;Arm\u00e9e Nationale Populaire \u00e0 la r\u00e9ussite des [&hellip;]<\/p>\n","protected":false},"author":1740,"featured_media":0,"comment_status":"closed","ping_status":"closed","sticky":false,"template":"","format":"standard","meta":{"fifu_image_url":"","fifu_image_alt":"","footnotes":""},"categories":[53,76],"tags":[],"class_list":["post-69257","post","type-post","status-publish","format-standard","hentry","category-algerie","category-regions"],"_links":{"self":[{"href":"https:\/\/linitiative.ca\/International\/wp-json\/wp\/v2\/posts\/69257","targetHints":{"allow":["GET"]}}],"collection":[{"href":"https:\/\/linitiative.ca\/International\/wp-json\/wp\/v2\/posts"}],"about":[{"href":"https:\/\/linitiative.ca\/International\/wp-json\/wp\/v2\/types\/post"}],"author":[{"embeddable":true,"href":"https:\/\/linitiative.ca\/International\/wp-json\/wp\/v2\/users\/1740"}],"replies":[{"embeddable":true,"href":"https:\/\/linitiative.ca\/International\/wp-json\/wp\/v2\/comments?post=69257"}],"version-history":[{"count":0,"href":"https:\/\/linitiative.ca\/International\/wp-json\/wp\/v2\/posts\/69257\/revisions"}],"wp:attachment":[{"href":"https:\/\/linitiative.ca\/International\/wp-json\/wp\/v2\/media?parent=69257"}],"wp:term":[{"taxonomy":"category","embeddable":true,"href":"https:\/\/linitiative.ca\/International\/wp-json\/wp\/v2\/categories?post=69257"},{"taxonomy":"post_tag","embeddable":true,"href":"https:\/\/linitiative.ca\/International\/wp-json\/wp\/v2\/tags?post=69257"}],"curies":[{"name":"wp","href":"https:\/\/api.w.org\/{rel}","templated":true}]}}